{"id":232600,"date":"2026-03-10T20:44:47","date_gmt":"2026-03-10T23:44:47","guid":{"rendered":"https:\/\/diarioregionaldigital.com.br\/?p=232600"},"modified":"2026-03-10T20:44:47","modified_gmt":"2026-03-10T23:44:47","slug":"equipes-do-ministerio-da-educacao-realizam-visita-tecnica-a-rede-municipal-de-ensino-de-juiz-de-fora","status":"publish","type":"post","link":"https:\/\/diarioregionaldigital.com.br\/?p=232600","title":{"rendered":"Equipes do Minist\u00e9rio da Educa\u00e7\u00e3o realizam visita t\u00e9cnica \u00e0 Rede Municipal de Ensino de Juiz de Fora"},"content":{"rendered":"<p>Segundo informa\u00e7\u00f5es do site da Prefeitura de Juiz de Fora (PJF), nesta segunda-feira, 9, t\u00e9cnicos e diretores do Minist\u00e9rio da Educa\u00e7\u00e3o iniciaram uma agenda de trabalho em Juiz de Fora para acompanhar a situa\u00e7\u00e3o das escolas da Rede Municipal de Ensino ap\u00f3s os impactos causados pelas fortes chuvas que atingiram o munic\u00edpio.<\/p>\n<div id=\"box_texto_noticia\">\n<p>A visita tem como objetivo conhecer de perto a realidade das unidades escolares afetadas, com aten\u00e7\u00e3o especial \u00e0s condi\u00e7\u00f5es de infraestrutura e \u00e0 articula\u00e7\u00e3o de a\u00e7\u00f5es conjuntas com a Secretaria de Educa\u00e7\u00e3o.<\/p>\n<p>Durante os encontros, ser\u00e3o discutidas estrat\u00e9gias de apoio e coopera\u00e7\u00e3o t\u00e9cnica entre o Governo Federal e o munic\u00edpio, com foco na identifica\u00e7\u00e3o das principais demandas da rede de Juiz de Fora e na constru\u00e7\u00e3o de a\u00e7\u00f5es articuladas que contribuam para a recupera\u00e7\u00e3o das escolas e para o fortalecimento das condi\u00e7\u00f5es de ensino, do suporte pedag\u00f3gico e da infraestrutura educacional<\/p>\n<\/div>\n<p>&nbsp;<\/p>\n","protected":false},"excerpt":{"rendered":"<p>Segundo informa\u00e7\u00f5es do site da Prefeitura de Juiz de Fora (PJF), nesta segunda-feira, 9, t\u00e9cnicos e diretores do Minist\u00e9rio da Educa\u00e7\u00e3o iniciaram uma agenda de trabalho em Juiz de Fora para acompanhar a situa\u00e7\u00e3o das escolas da Rede Municipal de Ensino ap\u00f3s os impactos causados pelas fortes chuvas que atingiram o munic\u00edpio. A visita tem [&hellip;]<\/p>\n","protected":false},"author":246,"featured_media":232601,"comment_status":"closed","ping_status":"closed","sticky":false,"template":"","format":"standard","meta":{"footnotes":""},"categories":[253,436,440,439],"tags":[],"class_list":["post-232600","post","type-post","status-publish","format-standard","has-post-thumbnail","hentry","category-cidade","category-destaque-da-semana","category-destaques-do-dia","category-ultima-hora"],"_links":{"self":[{"href":"https:\/\/diarioregionaldigital.com.br\/index.php?rest_route=\/wp\/v2\/posts\/232600","targetHints":{"allow":["GET"]}}],"collection":[{"href":"https:\/\/diarioregionaldigital.com.br\/index.php?rest_route=\/wp\/v2\/posts"}],"about":[{"href":"https:\/\/diarioregionaldigital.com.br\/index.php?rest_route=\/wp\/v2\/types\/post"}],"author":[{"embeddable":true,"href":"https:\/\/diarioregionaldigital.com.br\/index.php?rest_route=\/wp\/v2\/users\/246"}],"replies":[{"embeddable":true,"href":"https:\/\/diarioregionaldigital.com.br\/index.php?rest_route=%2Fwp%2Fv2%2Fcomments&post=232600"}],"version-history":[{"count":1,"href":"https:\/\/diarioregionaldigital.com.br\/index.php?rest_route=\/wp\/v2\/posts\/232600\/revisions"}],"predecessor-version":[{"id":232602,"href":"https:\/\/diarioregionaldigital.com.br\/index.php?rest_route=\/wp\/v2\/posts\/232600\/revisions\/232602"}],"wp:featuredmedia":[{"embeddable":true,"href":"https:\/\/diarioregionaldigital.com.br\/index.php?rest_route=\/wp\/v2\/media\/232601"}],"wp:attachment":[{"href":"https:\/\/diarioregionaldigital.com.br\/index.php?rest_route=%2Fwp%2Fv2%2Fmedia&parent=232600"}],"wp:term":[{"taxonomy":"category","embeddable":true,"href":"https:\/\/diarioregionaldigital.com.br\/index.php?rest_route=%2Fwp%2Fv2%2Fcategories&post=232600"},{"taxonomy":"post_tag","embeddable":true,"href":"https:\/\/diarioregionaldigital.com.br\/index.php?rest_route=%2Fwp%2Fv2%2Ftags&post=232600"}],"curies":[{"name":"wp","href":"https:\/\/api.w.org\/{rel}","templated":true}]}}