{"id":232591,"date":"2026-03-10T20:41:07","date_gmt":"2026-03-10T23:41:07","guid":{"rendered":"https:\/\/diarioregionaldigital.com.br\/?p=232591"},"modified":"2026-03-10T20:41:07","modified_gmt":"2026-03-10T23:41:07","slug":"minas-gerais-registra-a-menor-taxa-de-desemprego-da-historia","status":"publish","type":"post","link":"https:\/\/diarioregionaldigital.com.br\/?p=232591","title":{"rendered":"Minas Gerais registra a menor taxa de desemprego da hist\u00f3ria"},"content":{"rendered":"<p>Minas Gerais alcan\u00e7ou a menor taxa de desemprego da hist\u00f3ria, atingindo 3,8% no quarto trimestre de 2025. O \u00edndice representa o menor patamar desde o in\u00edcio da s\u00e9rie hist\u00f3rica,\u00a0em 2012, pelo Instituto Brasileiro de Geografia e Estat\u00edstica (IBGE). O resultado consolida um ciclo de crescimento econ\u00f4mico impulsionado pelo <a href=\"https:\/\/www.mg.gov.br\/\" target=\"_blank\" rel=\"noopener\">Governo de Minas<\/a> e marcado pela gera\u00e7\u00e3o de mais de 1 milh\u00e3o de postos de trabalho nos \u00faltimos anos.<\/p>\n<p>No acumulado de 2025, a taxa anual de desemprego em Minas foi de 4,6%, uma queda de 0,4% em rela\u00e7\u00e3o aos 5% registrados em 2024. Isso coloca o estado em posi\u00e7\u00e3o de destaque em rela\u00e7\u00e3o \u00e0 m\u00e9dia nacional, que encerrou o per\u00edodo em 5,6%.<\/p>\n<p>O \u00edndice de 3,8% supera tanto o trimestre imediatamente anterior (4,1%) quanto o mesmo per\u00edodo de 2024 (4,3%), evidenciando uma trajet\u00f3ria de fortalecimento estrutural e consistente no mercado de trabalho mineiro.<\/p>\n<table border=\"0\" cellspacing=\"1\" cellpadding=\"1\" align=\"center\">\n<tbody>\n<tr>\n<td colspan=\"5\"><img decoding=\"async\" src=\"https:\/\/www.agenciaminas.mg.gov.br\/ckeditor_assets\/pictures\/20949\/content_2_olho_topo.jpg\" alt=\"\" \/><\/td>\n<\/tr>\n<tr>\n<td><\/td>\n<td colspan=\"3\" rowspan=\"3\">\n<h1><strong>&#8220;Desde o in\u00edcio da minha gest\u00e3o, repito que o melhor programa social que existe \u00e9 a gera\u00e7\u00e3o de emprego e renda. Esse resultado hist\u00f3rico \u00e9 fruto do compromisso do Governo de Minas com a responsabilidade fiscal, a desburocratiza\u00e7\u00e3o para agilizar investimentos e um ambiente de neg\u00f3cios cada vez mais favor\u00e1vel ao empreendedor&#8221;, afirma o governador Romeu Zema.<\/strong><\/h1>\n<\/td>\n<td><\/td>\n<\/tr>\n<tr>\n<td><\/td>\n<td><\/td>\n<\/tr>\n<tr>\n<td><\/td>\n<td><\/td>\n<\/tr>\n<tr>\n<td colspan=\"5\"><img decoding=\"async\" src=\"https:\/\/www.agenciaminas.mg.gov.br\/ckeditor_assets\/pictures\/20950\/content_2_olho_inferior.jpg\" alt=\"\" \/><\/td>\n<\/tr>\n<\/tbody>\n<\/table>\n<p>&#8220;Quando o Estado funciona bem, gerando mais oportunidades e possibilidades para todos crescerem, todo mundo sai ganhando&#8221;, afirma o governador de Minas.<\/p>\n<p><strong>Marco de 1 milh\u00e3o de empregos<\/strong><\/p>\n<p>A redu\u00e7\u00e3o do desemprego ocorre depois de outra marca hist\u00f3rica: a gera\u00e7\u00e3o de mais de 1 milh\u00e3o de novos postos de trabalho acumulados desde 2019. Somente em 2025, foram criadas 78.269 vagas formais no estado.<\/p>\n<p>O n\u00edvel de ocupa\u00e7\u00e3o em 2025 atingiu 61,1% da popula\u00e7\u00e3o em idade ativa. Em termos absolutos, Minas conta com 10,84 milh\u00f5es de pessoas empregadas, o que reflete a robustez e a capacidade de absor\u00e7\u00e3o de m\u00e3o de obra pela economia mineira.<\/p>\n<table border=\"0\" cellspacing=\"1\" cellpadding=\"1\" align=\"center\">\n<tbody>\n<tr>\n<td colspan=\"5\"><img decoding=\"async\" src=\"https:\/\/www.agenciaminas.mg.gov.br\/ckeditor_assets\/pictures\/20949\/content_2_olho_topo.jpg\" alt=\"\" \/><\/td>\n<\/tr>\n<tr>\n<td><\/td>\n<td colspan=\"3\" rowspan=\"3\">\n<h1><strong>&#8220;Atingir 1 milh\u00e3o de empregos gerados e o menor desemprego da hist\u00f3ria de Minas Gerais n\u00e3o \u00e9 coincid\u00eancia, \u00e9 o fruto de uma gest\u00e3o coerente, que atraiu investimentos e abriu espa\u00e7o para novos neg\u00f3cios, trabalhando sempre para melhorar a vida dos mineiros em todas as regi\u00f5es do estado&#8221;, analisa o vice-governador Mateus Sim\u00f5es.<\/strong><\/h1>\n<\/td>\n<td><\/td>\n<\/tr>\n<tr>\n<td><\/td>\n<td><\/td>\n<\/tr>\n<tr>\n<td><\/td>\n<td><\/td>\n<\/tr>\n<tr>\n<td colspan=\"5\"><img decoding=\"async\" src=\"https:\/\/www.agenciaminas.mg.gov.br\/ckeditor_assets\/pictures\/20950\/content_2_olho_inferior.jpg\" alt=\"\" \/><\/td>\n<\/tr>\n<\/tbody>\n<\/table>\n<p>&#8220;N\u00e3o \u00e0 toa, a economia mineira, hoje, \u00e9 altamente diversificada, gerando oportunidades no campo, na ind\u00fastria, nas \u00e1reas de tecnologia e em tantos setores fundamentais para o nosso estado&#8221;, conclui Sim\u00f5es.<\/p>\n<p><strong>Qualifica\u00e7\u00e3o e inclus\u00e3o<\/strong><\/p>\n<p>O governo atribui parte do sucesso \u00e0s pol\u00edticas de forma\u00e7\u00e3o profissional, como o <a href=\"https:\/\/www.trilhasdefuturo.mg.gov.br\/index.html\" target=\"_blank\" rel=\"noopener\">Trilhas de Futuro<\/a>, da <a href=\"https:\/\/www.educacao.mg.gov.br\/\" target=\"_blank\" rel=\"noopener\">Secretaria de Estado de Educa\u00e7\u00e3o (SEE\/MG)<\/a>, que j\u00e1 formou mais de 100 mil profissionais, e o <a href=\"https:\/\/social.mg.gov.br\/trabalho-e-emprego\/educacao-profissional\/minas-forma\" target=\"_blank\" rel=\"noopener\">Minas Forma<\/a>, da <a href=\"https:\/\/social.mg.gov.br\/\" target=\"_blank\" rel=\"noopener\">Secretaria de Estado de Desenvolvimento Social (Sedese)<\/a>, que prev\u00ea 15 mil vagas em cursos gratuitos, com investimento superior a R$ 30 milh\u00f5es.<\/p>\n<p>A secret\u00e1ria de Estado de Desenvolvimento Social, Al\u00ea Portela, destaca o impacto social da medida.<\/p>\n<table border=\"0\" cellspacing=\"1\" cellpadding=\"1\" align=\"center\">\n<tbody>\n<tr>\n<td colspan=\"5\"><img decoding=\"async\" src=\"https:\/\/www.agenciaminas.mg.gov.br\/ckeditor_assets\/pictures\/20949\/content_2_olho_topo.jpg\" alt=\"\" \/><\/td>\n<\/tr>\n<tr>\n<td><\/td>\n<td colspan=\"3\" rowspan=\"3\">\n<h1><strong>&#8220;N\u00e3o basta criar a vaga, \u00e9 preciso preparar o mineiro para ocup\u00e1-la. Com o Minas Forma, estamos levando qualifica\u00e7\u00e3o t\u00e9cnica para quem mais precisa, garantindo que o crescimento econ\u00f4mico se transforme em dignidade e autonomia financeira para as fam\u00edlias em vulnerabilidade&#8221;, afirma Al\u00ea Portela.<\/strong><\/h1>\n<\/td>\n<td><\/td>\n<\/tr>\n<tr>\n<td><\/td>\n<td><\/td>\n<\/tr>\n<tr>\n<td><\/td>\n<td><\/td>\n<\/tr>\n<tr>\n<td colspan=\"5\"><img decoding=\"async\" src=\"https:\/\/www.agenciaminas.mg.gov.br\/ckeditor_assets\/pictures\/20950\/content_2_olho_inferior.jpg\" alt=\"\" \/><\/td>\n<\/tr>\n<\/tbody>\n<\/table>\n<p><strong>Investimentos e liberdade econ\u00f4mica<\/strong><\/p>\n<p>Os n\u00fameros do emprego s\u00e3o sustentados por um volume in\u00e9dito de capital privado. Desde 2019, Minas atraiu mais de R$ 475 bilh\u00f5es em investimentos, uma m\u00e9dia anual de R$ 80 bilh\u00f5es, valor sete vezes superior \u00e0 m\u00e9dia registrada entre 1998 e 2018.<\/p>\n<p>Esse dinamismo refletiu na abertura de 114.033 novas empresas em 2025, um salto de 116% em compara\u00e7\u00e3o a 2019. O motor dessa transforma\u00e7\u00e3o \u00e9 o programa <a href=\"https:\/\/desenvolvimento.mg.gov.br\/inicio\/projetos\/projeto\/1143\" target=\"_blank\" rel=\"noopener\">Minas Livre para Crescer (MLPC)<\/a>, que j\u00e1 conta com a ades\u00e3o de 600 munic\u00edpios (mais de 70% do estado) \u00e0 Lei da Liberdade Econ\u00f4mica. A secret\u00e1ria de Estado de <a href=\"https:\/\/desenvolvimento.mg.gov.br\/\" target=\"_blank\" rel=\"noopener\">Desenvolvimento Econ\u00f4mico (Sede-MG)<\/a>, Mila Corr\u00eaa da Costa, ressalta que a meta \u00e9 simplificar a vida de quem gera riquezas e oportunidades.<\/p>\n<table border=\"0\" cellspacing=\"1\" cellpadding=\"1\" align=\"center\">\n<tbody>\n<tr>\n<td colspan=\"5\"><img decoding=\"async\" src=\"https:\/\/www.agenciaminas.mg.gov.br\/ckeditor_assets\/pictures\/20949\/content_2_olho_topo.jpg\" alt=\"\" \/><\/td>\n<\/tr>\n<tr>\n<td><\/td>\n<td colspan=\"3\" rowspan=\"3\">\n<h1><strong>&#8220;Chegar a 600 munic\u00edpios com regulamenta\u00e7\u00e3o pr\u00f3pria \u00e9 um s\u00edmbolo de confian\u00e7a no empreendedor. Esse ambiente estimula novos neg\u00f3cios, atrai essa marca significativa de investimentos e, na ponta final, gera o emprego e a renda que vemos nos dados do IBGE&#8221;, pontua Mila Corr\u00eaa da Costa.<\/strong><\/h1>\n<\/td>\n<\/tr>\n<\/tbody>\n<\/table>\n<p>&nbsp;<\/p>\n<p>Fonte: Ag\u00eancia Minas<\/p>\n","protected":false},"excerpt":{"rendered":"<p>Minas Gerais alcan\u00e7ou a menor taxa de desemprego da hist\u00f3ria, atingindo 3,8% no quarto trimestre de 2025. O \u00edndice representa o menor patamar desde o in\u00edcio da s\u00e9rie hist\u00f3rica,\u00a0em 2012, pelo Instituto Brasileiro de Geografia e Estat\u00edstica (IBGE). O resultado consolida um ciclo de crescimento econ\u00f4mico impulsionado pelo Governo de Minas e marcado pela gera\u00e7\u00e3o [&hellip;]<\/p>\n","protected":false},"author":246,"featured_media":232592,"comment_status":"closed","ping_status":"closed","sticky":false,"template":"","format":"standard","meta":{"footnotes":""},"categories":[436,440,261,254,439],"tags":[],"class_list":["post-232591","post","type-post","status-publish","format-standard","has-post-thumbnail","hentry","category-destaque-da-semana","category-destaques-do-dia","category-economia","category-politica","category-ultima-hora"],"_links":{"self":[{"href":"https:\/\/diarioregionaldigital.com.br\/index.php?rest_route=\/wp\/v2\/posts\/232591","targetHints":{"allow":["GET"]}}],"collection":[{"href":"https:\/\/diarioregionaldigital.com.br\/index.php?rest_route=\/wp\/v2\/posts"}],"about":[{"href":"https:\/\/diarioregionaldigital.com.br\/index.php?rest_route=\/wp\/v2\/types\/post"}],"author":[{"embeddable":true,"href":"https:\/\/diarioregionaldigital.com.br\/index.php?rest_route=\/wp\/v2\/users\/246"}],"replies":[{"embeddable":true,"href":"https:\/\/diarioregionaldigital.com.br\/index.php?rest_route=%2Fwp%2Fv2%2Fcomments&post=232591"}],"version-history":[{"count":1,"href":"https:\/\/diarioregionaldigital.com.br\/index.php?rest_route=\/wp\/v2\/posts\/232591\/revisions"}],"predecessor-version":[{"id":232593,"href":"https:\/\/diarioregionaldigital.com.br\/index.php?rest_route=\/wp\/v2\/posts\/232591\/revisions\/232593"}],"wp:featuredmedia":[{"embeddable":true,"href":"https:\/\/diarioregionaldigital.com.br\/index.php?rest_route=\/wp\/v2\/media\/232592"}],"wp:attachment":[{"href":"https:\/\/diarioregionaldigital.com.br\/index.php?rest_route=%2Fwp%2Fv2%2Fmedia&parent=232591"}],"wp:term":[{"taxonomy":"category","embeddable":true,"href":"https:\/\/diarioregionaldigital.com.br\/index.php?rest_route=%2Fwp%2Fv2%2Fcategories&post=232591"},{"taxonomy":"post_tag","embeddable":true,"href":"https:\/\/diarioregionaldigital.com.br\/index.php?rest_route=%2Fwp%2Fv2%2Ftags&post=232591"}],"curies":[{"name":"wp","href":"https:\/\/api.w.org\/{rel}","templated":true}]}}