{"id":232587,"date":"2026-03-10T10:47:25","date_gmt":"2026-03-10T13:47:25","guid":{"rendered":"https:\/\/diarioregionaldigital.com.br\/?p=232587"},"modified":"2026-03-10T10:47:25","modified_gmt":"2026-03-10T13:47:25","slug":"aviso-de-licitacao-n-022-2026-10-03-2026","status":"publish","type":"post","link":"https:\/\/diarioregionaldigital.com.br\/?p=232587","title":{"rendered":"AVISO DE LICITA\u00c7\u00c3O  N\u00b0 022\/2026 &#8211; 10\/03\/2026"},"content":{"rendered":"<p class=\"s6\"><span class=\"s5\"><span class=\"bumpedFont15\">PREFEITURA MUNICIPAL DE DESCOBERTO<\/span><\/span><\/p>\n<p class=\"s6\">\n<p class=\"s6\"><span class=\"s5\"><span class=\"bumpedFont15\">AVISO DE LICITA\u00c7\u00c3O<\/span><\/span><\/p>\n<p class=\"s6\">\n<p class=\"s6\"><span class=\"s5\"><span class=\"bumpedFont15\">Processo Licitat\u00f3rio<\/span><\/span><span class=\"s5\"><span class=\"bumpedFont15\"> n\u00b0 <\/span><\/span><span class=\"s5\"><span class=\"bumpedFont15\">0<\/span><\/span><span class=\"s5\"><span class=\"bumpedFont15\">22<\/span><\/span><span class=\"s5\"><span class=\"bumpedFont15\">\/202<\/span><\/span><span class=\"s5\"><span class=\"bumpedFont15\">6<\/span><\/span><\/p>\n<p class=\"s6\"><span class=\"s5\"><span class=\"bumpedFont15\">Moda<\/span><\/span><span class=\"s5\"><span class=\"bumpedFont15\">li<\/span><\/span><span class=\"s5\"><span class=\"bumpedFont15\">dade de Preg\u00e3o <\/span><\/span><span class=\"s5\"><span class=\"bumpedFont15\">Eletr\u00f4nico<\/span><\/span><span class=\"s5\"><span class=\"bumpedFont15\"> n\u00b0 <\/span><\/span><span class=\"s5\"><span class=\"bumpedFont15\">001<\/span><\/span><span class=\"s5\"><span class=\"bumpedFont15\">\/202<\/span><\/span><span class=\"s5\"><span class=\"bumpedFont15\">6<\/span><\/span><\/p>\n<p class=\"s6\">\n<p class=\"s10\"><span class=\"s7\"><span class=\"bumpedFont15\">O Munic\u00edpio de DESCOBERTO, na forma da lei, faz saber a todos quantos o presente edital virem, ou dele conhecimento tivere<\/span><\/span><span class=\"s7\"><span class=\"bumpedFont15\">m<\/span><\/span><span class=\"s7\"><span class=\"bumpedFont15\">, que a pa<\/span><\/span><span class=\"s7\"><span class=\"bumpedFont15\">r<\/span><\/span><span class=\"s7\"><span class=\"bumpedFont15\">tir das <\/span><\/span><span class=\"s7\"><span class=\"bumpedFont15\">09<\/span><\/span><span class=\"s7\"><span class=\"bumpedFont15\">:<\/span><\/span><span class=\"s7\"><span class=\"bumpedFont15\">3<\/span><\/span><span class=\"s7\"><span class=\"bumpedFont15\">0h do dia<\/span><\/span> <span class=\"s7\"><span class=\"bumpedFont15\">24<\/span><\/span><span class=\"s7\"><span class=\"bumpedFont15\"> de <\/span><\/span><span class=\"s7\"><span class=\"bumpedFont15\">mar\u00e7o<\/span><\/span><span class=\"s7\"><span class=\"bumpedFont15\"> de 202<\/span><\/span><span class=\"s7\"><span class=\"bumpedFont15\">6<\/span><\/span><span class=\"s7\"><span class=\"bumpedFont15\">, n<\/span><\/span><span class=\"s7\"><span class=\"bumpedFont15\">o Portal de Compras P\u00fa<\/span><\/span><span class=\"s7\"><span class=\"bumpedFont15\">blicas <\/span><\/span><a href=\"http:\/\/www.portaldecompraspublicas.com.br\/\"><span class=\"s8\"><span class=\"bumpedFont15\">www.portaldecompraspublicas.com.br<\/span><\/span><\/a><span class=\"s7\"><span class=\"bumpedFont15\">, ser\u00e1 realizada licita\u00e7\u00e3o <\/span><\/span><span class=\"s7\"><span class=\"bumpedFont15\">na modalidade <\/span><\/span><span class=\"s7\"><span class=\"bumpedFont15\">PREG\u00c3O <\/span><\/span><span class=\"s7\"><span class=\"bumpedFont15\">ELETR\u00d4NICO<\/span><\/span><span class=\"s7\"><span class=\"bumpedFont15\">,<\/span><\/span> <span class=\"s7\"><span class=\"bumpedFont15\">objetivando <\/span><\/span><span class=\"s7\"><span class=\"bumpedFont15\">o<\/span><\/span> <span class=\"s9\"><span class=\"bumpedFont15\">REGISTRO DE PRE\u00c7OS, PELO PER\u00cdODO DE 12<\/span><\/span> <span class=\"s9\"><span class=\"bumpedFont15\">(DOZE) MESES, PARA<\/span><\/span><span class=\"s9\"><span class=\"bumpedFont15\"> CONTRATA\u00c7\u00c3O DE<\/span><\/span> <span class=\"s9\"><span class=\"bumpedFont15\">EMPRESA ESPECIALIZADA PARA A AQUISI\u00c7\u00c3O DE EQUIPAMENTOS DESTINADOS AOS SERVI\u00c7OS DE ODONTOLOGIA E FISIOTERAPIA PARA ATE<\/span><\/span><span class=\"s9\"><span class=\"bumpedFont15\">NDER A DEMANDA DA SECRETARIA<\/span><\/span><span class=\"s9\"><span class=\"bumpedFont15\">MUNICIPAL DE SA\u00daDE<\/span><\/span><span class=\"s7\"><span class=\"bumpedFont15\">, <\/span><\/span><span class=\"s7\"><span class=\"bumpedFont15\">tipo Menor Pre\u00e7o por Item<\/span><\/span><span class=\"s7\"><span class=\"bumpedFont15\">, <\/span><\/span><span class=\"s7\"><span class=\"bumpedFont15\">m<\/span><\/span><span class=\"s7\"><span class=\"bumpedFont15\">o<\/span><\/span><span class=\"s7\"><span class=\"bumpedFont15\">do de disp<\/span><\/span><span class=\"s7\"><span class=\"bumpedFont15\">uta ab<\/span><\/span><span class=\"s7\"><span class=\"bumpedFont15\">erto, <\/span><\/span><span class=\"s7\"><span class=\"bumpedFont15\">conforme consta no edital que se encontr<\/span><\/span><span class=\"s7\"><span class=\"bumpedFont15\">a \u00a0a disposi\u00e7\u00e3o de todos \u00a0os interessados <\/span><\/span><span class=\"s7\"><span class=\"bumpedFont15\">no<\/span><\/span><span class=\"s7\"><span class=\"bumpedFont15\">s<\/span><\/span> <span class=\"s7\"><span class=\"bumpedFont15\">site<\/span><\/span><span class=\"s7\"><span class=\"bumpedFont15\">s<\/span><\/span><a href=\"http:\/\/www.descoberto.mg.gov.br\/\"><span class=\"s8\"><span class=\"bumpedFont15\">http:\/\/www.descoberto<\/span><\/span><span class=\"s8\"><span class=\"bumpedFont15\">.mg.gov.br<\/span><\/span><\/a> <span class=\"s7\"><span class=\"bumpedFont15\">e<\/span><\/span><a href=\"http:\/\/www.portaldecompraspublicas.com.br\/\"><span class=\"s8\"><span class=\"bumpedFont15\">ww<\/span><\/span><span class=\"s8\"><span class=\"bumpedFont15\">w.portaldecompraspublicas.com.br<\/span><\/span><\/a><span class=\"s7\"><span class=\"bumpedFont15\">. <\/span><\/span><span class=\"s7\"><span class=\"bumpedFont15\">DESCOBERTO, <\/span><\/span><span class=\"s7\"><span class=\"bumpedFont15\">10<\/span><\/span><span class=\"s7\"><span class=\"bumpedFont15\"> de <\/span><\/span><span class=\"s7\"><span class=\"bumpedFont15\">mar\u00e7o<\/span><\/span><span class=\"s7\"><span class=\"bumpedFont15\"> de 20<\/span><\/span><span class=\"s7\"><span class=\"bumpedFont15\">2<\/span><\/span><span class=\"s7\"><span class=\"bumpedFont15\">6<\/span><\/span><span class=\"s7\"><span class=\"bumpedFont15\">.<\/span><\/span> <span class=\"s7\"><span class=\"bumpedFont15\">Valcione Jorgina de Fari<\/span><\/span><span class=\"s7\"><span class=\"bumpedFont15\">a- Agente de Contrata\u00e7\u00e3o.<\/span><\/span><\/p>\n<p class=\"s10\">\n","protected":false},"excerpt":{"rendered":"<p>PREFEITURA MUNICIPAL DE DESCOBERTO AVISO DE LICITA\u00c7\u00c3O Processo Licitat\u00f3rio n\u00b0 022\/2026 Modalidade de Preg\u00e3o Eletr\u00f4nico n\u00b0 001\/2026 O Munic\u00edpio de DESCOBERTO, na forma da lei, faz saber a todos quantos o presente edital virem, ou dele conhecimento tiverem, que a partir das 09:30h do dia 24 de mar\u00e7o de 2026, no Portal de Compras P\u00fablicas [&hellip;]<\/p>\n","protected":false},"author":246,"featured_media":0,"comment_status":"closed","ping_status":"closed","sticky":false,"template":"","format":"standard","meta":{"footnotes":""},"categories":[307],"tags":[],"class_list":["post-232587","post","type-post","status-publish","format-standard","hentry","category-editais"],"_links":{"self":[{"href":"https:\/\/diarioregionaldigital.com.br\/index.php?rest_route=\/wp\/v2\/posts\/232587","targetHints":{"allow":["GET"]}}],"collection":[{"href":"https:\/\/diarioregionaldigital.com.br\/index.php?rest_route=\/wp\/v2\/posts"}],"about":[{"href":"https:\/\/diarioregionaldigital.com.br\/index.php?rest_route=\/wp\/v2\/types\/post"}],"author":[{"embeddable":true,"href":"https:\/\/diarioregionaldigital.com.br\/index.php?rest_route=\/wp\/v2\/users\/246"}],"replies":[{"embeddable":true,"href":"https:\/\/diarioregionaldigital.com.br\/index.php?rest_route=%2Fwp%2Fv2%2Fcomments&post=232587"}],"version-history":[{"count":1,"href":"https:\/\/diarioregionaldigital.com.br\/index.php?rest_route=\/wp\/v2\/posts\/232587\/revisions"}],"predecessor-version":[{"id":232588,"href":"https:\/\/diarioregionaldigital.com.br\/index.php?rest_route=\/wp\/v2\/posts\/232587\/revisions\/232588"}],"wp:attachment":[{"href":"https:\/\/diarioregionaldigital.com.br\/index.php?rest_route=%2Fwp%2Fv2%2Fmedia&parent=232587"}],"wp:term":[{"taxonomy":"category","embeddable":true,"href":"https:\/\/diarioregionaldigital.com.br\/index.php?rest_route=%2Fwp%2Fv2%2Fcategories&post=232587"},{"taxonomy":"post_tag","embeddable":true,"href":"https:\/\/diarioregionaldigital.com.br\/index.php?rest_route=%2Fwp%2Fv2%2Ftags&post=232587"}],"curies":[{"name":"wp","href":"https:\/\/api.w.org\/{rel}","templated":true}]}}