{"id":232146,"date":"2026-01-26T19:18:19","date_gmt":"2026-01-26T22:18:19","guid":{"rendered":"https:\/\/diarioregionaldigital.com.br\/?p=232146"},"modified":"2026-01-26T19:18:19","modified_gmt":"2026-01-26T22:18:19","slug":"defesa-civil-de-juiz-de-fora-abre-inscricoes-para-voluntariado-no-nupdec-e-fortalece-acoes-de-prevencao-comunitaria","status":"publish","type":"post","link":"https:\/\/diarioregionaldigital.com.br\/?p=232146","title":{"rendered":"Defesa Civil de Juiz de Fora abre inscri\u00e7\u00f5es para voluntariado no NUPDEC e fortalece a\u00e7\u00f5es de preven\u00e7\u00e3o comunit\u00e1ria"},"content":{"rendered":"<p>Segundo informa\u00e7\u00f5es do site da Prefeitura de Juiz de Fora (PJF), a Defesa Civil da PJF est\u00e1 com inscri\u00e7\u00f5es abertas para moradores interessados em atuar como volunt\u00e1rios no N\u00facleo de Prote\u00e7\u00e3o e Defesa Civil (NUPDEC). A iniciativa estimula a participa\u00e7\u00e3o da comunidade nas a\u00e7\u00f5es de preven\u00e7\u00e3o de desastres e no fortalecimento da cultura de prote\u00e7\u00e3o e cuidado coletivo. As inscri\u00e7\u00f5es podem ser realizadas at\u00e9 o dia 15 de fevereiro, <a href=\"https:\/\/docs.google.com\/forms\/d\/e\/1FAIpQLSdQusVJ_dmXFEw5nAB7KAl3sS_qKv-LTHIpIM8BSOB06gOBlQ\/viewform\">por meio deste formul\u00e1rio on-line.<\/a><\/p>\n<div id=\"box_texto_noticia\">\nPodem se inscrever pessoas com mais de 18 anos, residentes em Juiz de Fora. A capacita\u00e7\u00e3o \u00e9 gratuita e ocorrer\u00e1 em formato h\u00edbrido, com atividades te\u00f3ricas e pr\u00e1ticas. Ap\u00f3s a etapa on-line, os participantes ter\u00e3o a oportunidade de vivenciar uma a\u00e7\u00e3o de campo, acompanhando uma vistoria da Defesa Civil em um bairro do munic\u00edpio, conforme a disponibilidade do grupo, aplicando na pr\u00e1tica os conhecimentos adquiridos ao longo do curso.<\/p>\n<p>De acordo com a coordenadora do NUPDEC, Michele Paschoalim, a forma\u00e7\u00e3o de volunt\u00e1rios \u00e9 estrat\u00e9gica para ampliar o alcance das a\u00e7\u00f5es preventivas no territ\u00f3rio. \u201cAs pessoas volunt\u00e1rias s\u00e3o consideradas os olhos e ouvidos da Defesa Civil. Ap\u00f3s a conclus\u00e3o do curso, passam a identificar sinais de risco em suas comunidades e, quando necess\u00e1rio, conseguem acionar a Defesa Civil ou outros \u00f3rg\u00e3os competentes, contribuindo para tornar Juiz de Fora uma cidade mais resiliente e fortalecendo a cultura de preven\u00e7\u00e3o. Nos trabalhos conjuntos, a viv\u00eancia do territ\u00f3rio soma-se ao conhecimento t\u00e9cnico, resultando em uma atua\u00e7\u00e3o mais qualificada\u201d, destaca.<\/p>\n<p>A forma\u00e7\u00e3o tem como objetivo preparar os volunt\u00e1rios para atuar de forma preventiva em situa\u00e7\u00f5es de risco, fortalecendo a atua\u00e7\u00e3o comunit\u00e1ria por meio de palestras, orienta\u00e7\u00f5es, simulados e a\u00e7\u00f5es educativas. A proposta tamb\u00e9m busca ampliar a conscientiza\u00e7\u00e3o sobre seguran\u00e7a, no\u00e7\u00f5es b\u00e1sicas de primeiros socorros e a import\u00e2ncia do trabalho integrado com a Defesa Civil. Somente em 2025, cinco turmas do NUPDEC j\u00e1 foram conclu\u00eddas no munic\u00edpio.<\/p>\n<p><strong>Outras informa\u00e7\u00f5es podem ser obtidas pelo telefone <a href=\"tel:(32) 3690-724\">(32) 3690-724<\/a> ou pelo e-mail defesacivilnupdecjf@gmail.com<\/strong><\/div>\n","protected":false},"excerpt":{"rendered":"<p>Segundo informa\u00e7\u00f5es do site da Prefeitura de Juiz de Fora (PJF), a Defesa Civil da PJF est\u00e1 com inscri\u00e7\u00f5es abertas para moradores interessados em atuar como volunt\u00e1rios no N\u00facleo de Prote\u00e7\u00e3o e Defesa Civil (NUPDEC). A iniciativa estimula a participa\u00e7\u00e3o da comunidade nas a\u00e7\u00f5es de preven\u00e7\u00e3o de desastres e no fortalecimento da cultura de prote\u00e7\u00e3o [&hellip;]<\/p>\n","protected":false},"author":246,"featured_media":232147,"comment_status":"closed","ping_status":"closed","sticky":false,"template":"","format":"standard","meta":{"footnotes":""},"categories":[253,436,440,439],"tags":[],"class_list":["post-232146","post","type-post","status-publish","format-standard","has-post-thumbnail","hentry","category-cidade","category-destaque-da-semana","category-destaques-do-dia","category-ultima-hora"],"_links":{"self":[{"href":"https:\/\/diarioregionaldigital.com.br\/index.php?rest_route=\/wp\/v2\/posts\/232146","targetHints":{"allow":["GET"]}}],"collection":[{"href":"https:\/\/diarioregionaldigital.com.br\/index.php?rest_route=\/wp\/v2\/posts"}],"about":[{"href":"https:\/\/diarioregionaldigital.com.br\/index.php?rest_route=\/wp\/v2\/types\/post"}],"author":[{"embeddable":true,"href":"https:\/\/diarioregionaldigital.com.br\/index.php?rest_route=\/wp\/v2\/users\/246"}],"replies":[{"embeddable":true,"href":"https:\/\/diarioregionaldigital.com.br\/index.php?rest_route=%2Fwp%2Fv2%2Fcomments&post=232146"}],"version-history":[{"count":1,"href":"https:\/\/diarioregionaldigital.com.br\/index.php?rest_route=\/wp\/v2\/posts\/232146\/revisions"}],"predecessor-version":[{"id":232148,"href":"https:\/\/diarioregionaldigital.com.br\/index.php?rest_route=\/wp\/v2\/posts\/232146\/revisions\/232148"}],"wp:featuredmedia":[{"embeddable":true,"href":"https:\/\/diarioregionaldigital.com.br\/index.php?rest_route=\/wp\/v2\/media\/232147"}],"wp:attachment":[{"href":"https:\/\/diarioregionaldigital.com.br\/index.php?rest_route=%2Fwp%2Fv2%2Fmedia&parent=232146"}],"wp:term":[{"taxonomy":"category","embeddable":true,"href":"https:\/\/diarioregionaldigital.com.br\/index.php?rest_route=%2Fwp%2Fv2%2Fcategories&post=232146"},{"taxonomy":"post_tag","embeddable":true,"href":"https:\/\/diarioregionaldigital.com.br\/index.php?rest_route=%2Fwp%2Fv2%2Ftags&post=232146"}],"curies":[{"name":"wp","href":"https:\/\/api.w.org\/{rel}","templated":true}]}}