{"id":232092,"date":"2026-01-15T22:06:49","date_gmt":"2026-01-16T01:06:49","guid":{"rendered":"https:\/\/diarioregionaldigital.com.br\/?p=232092"},"modified":"2026-01-15T22:06:49","modified_gmt":"2026-01-16T01:06:49","slug":"governo-de-minas-acompanha-entregas-para-saude-e-seguranca-no-centro-oeste-do-estado","status":"publish","type":"post","link":"https:\/\/diarioregionaldigital.com.br\/?p=232092","title":{"rendered":"Governo de Minas acompanha entregas para Sa\u00fade e Seguran\u00e7a no Centro-Oeste do estado"},"content":{"rendered":"<p>O governador de Minas Gerais, Romeu Zema, e o vice-governador, Mateus Sim\u00f5es, acompanharam, nesta quinta-feira (15\/1), em Lagoa da Prata, no Centro-Oeste de Minas, entregas para as \u00e1reas da Sa\u00fade e\u00a0Seguran\u00e7a na\u00a0regi\u00e3o.<\/p>\n<p>Eles vistoriaram a nova sede da 107\u00aa Companhia\u00a0da <a href=\"https:\/\/www.policiamilitar.mg.gov.br\/\" target=\"_blank\" rel=\"noopener\">Pol\u00edcia Militar de Minas Gerais (PMMG)<\/a>, que ir\u00e1 aprimorar a presta\u00e7\u00e3o dos servi\u00e7os da corpora\u00e7\u00e3o na cidade e nos munic\u00edpios de Santo Ant\u00f4nio do Monte, Pedra do Indai\u00e1, Luz, C\u00f3rrego Danta e Japara\u00edba.<\/p>\n<p>A nova sede da 107\u00aa Companhia da PMMG come\u00e7ou a operar em outubro de 2025 e,\u00a0al\u00e9m de oferecer melhores condi\u00e7\u00f5es de trabalho aos policiais militares,\u00a0representa uma economia para a corpora\u00e7\u00e3o,\u00a0que antes era alocada em im\u00f3veis alugados. O valor investido foi de R$ 3,4 milh\u00f5es.<\/p>\n<p>O governador Romeu Zema celebrou mais esta entrega para a seguran\u00e7a p\u00fablica de Minas e destacou o avan\u00e7o conquistado pela atual gest\u00e3o na moderniza\u00e7\u00e3o do trabalho da policia.<\/p>\n<table border=\"0\" cellspacing=\"1\" cellpadding=\"1\" align=\"center\">\n<tbody>\n<tr>\n<td colspan=\"5\"><img decoding=\"async\" src=\"https:\/\/www.agenciaminas.mg.gov.br\/ckeditor_assets\/pictures\/20949\/content_2_olho_topo.jpg\" alt=\"\" \/><\/td>\n<\/tr>\n<tr>\n<td><\/td>\n<td colspan=\"3\" rowspan=\"3\">\n<h1><strong>&#8220;\u00c9 uma alegria saber que a companhia de pol\u00edcia de Lagoa da Prata ter\u00e1 sua sede pr\u00f3pria, totalmente equipada e adequada para o trabalho policial. Esta entrega faz parte do grande investimento que estamos fazendo na seguran\u00e7a p\u00fablica mineira, que, nos \u00faltimos anos, vem recebendo melhorias estruturais e de condi\u00e7\u00f5es de trabalho, com a compra de ve\u00edculos e armamentos novos&#8221;, disse Romeu Zema.<\/strong><\/h1>\n<\/td>\n<td><\/td>\n<\/tr>\n<tr>\n<td><\/td>\n<td><\/td>\n<\/tr>\n<tr>\n<td><\/td>\n<td><\/td>\n<\/tr>\n<tr>\n<td colspan=\"5\"><img decoding=\"async\" src=\"https:\/\/www.agenciaminas.mg.gov.br\/ckeditor_assets\/pictures\/20950\/content_2_olho_inferior.jpg\" alt=\"\" \/><\/td>\n<\/tr>\n<\/tbody>\n<\/table>\n<p>O vice-governador Mateus Sim\u00f5es\u00a0tamb\u00e9m ressaltou o trabalho da pol\u00edcia mineira e a parceria realizada com a Prefeitura de Lagoa da Prata para que a obra fosse conclu\u00edda.<\/p>\n<table border=\"0\" cellspacing=\"1\" cellpadding=\"1\" align=\"center\">\n<tbody>\n<tr>\n<td colspan=\"5\"><img decoding=\"async\" src=\"https:\/\/www.agenciaminas.mg.gov.br\/ckeditor_assets\/pictures\/20949\/content_2_olho_topo.jpg\" alt=\"\" \/><\/td>\n<\/tr>\n<tr>\n<td><\/td>\n<td colspan=\"3\" rowspan=\"3\">\n<h1><strong>&#8220;A Pol\u00edcia Militar de Minas \u00e9 a melhor do Brasil.\u00a0N\u00e3o \u00e9 \u00e0 toa que somos o estado mais seguro do pa\u00eds, temos os melhores \u00edndices de combate \u00e0 criminalidade violenta. Para colocar essa nova sede de p\u00e9, \u00e9 importante destacar a articula\u00e7\u00e3o da Prefeitura de Lagoa da Prata para a obten\u00e7\u00e3o do terreno&#8221;, salientou Mateus Sim\u00f5es<\/strong><strong>.<\/strong><\/h1>\n<\/td>\n<td><\/td>\n<\/tr>\n<tr>\n<td><\/td>\n<td><\/td>\n<\/tr>\n<tr>\n<td><\/td>\n<td><\/td>\n<\/tr>\n<tr>\n<td colspan=\"5\"><img decoding=\"async\" src=\"https:\/\/www.agenciaminas.mg.gov.br\/ckeditor_assets\/pictures\/20950\/content_2_olho_inferior.jpg\" alt=\"\" \/><\/td>\n<\/tr>\n<\/tbody>\n<\/table>\n<p><strong>Sa\u00fade Mais Perto<\/strong><\/p>\n<p>Ainda em Lagoa da Prata, o vice-governador de Minas vistoriou as obras do novo Centro de Hemodi\u00e1lise, que funcionar\u00e1 anexo ao Hospital S\u00e3o Carlos. A estrutura atender\u00e1 pacientes de sete cidades da regi\u00e3o, diminuindo a dist\u00e2ncia de\u00a0deslocamento para realizar este tipo de procedimento, garantindo conforto ao\u00a0usu\u00e1rio no atendimento e mais tempo de qualidade com familiares e amigos.<\/p>\n<p>O <a href=\"https:\/\/www.mg.gov.br\/\" target=\"_blank\" rel=\"noopener\">Governo de Minas<\/a>, por meio da <a href=\"https:\/\/www.saude.mg.gov.br\/\" target=\"_blank\" rel=\"noopener\">Secretaria de Estado de Sa\u00fade (SES-MG)<\/a>, est\u00e1 investindo R$ 4 milh\u00f5es na constru\u00e7\u00e3o e na compra de equipamentos do Centro de Hemodi\u00e1lise.<\/p>\n<p><strong>Apoio \u00e0\u00a0ind\u00fastria mineira<\/strong><\/p>\n<p>Ainda em Lagoa da Prata, o\u00a0governador Romeu Zema conheceu a Alvoar L\u00e1cteos, auinta maior empresa de latic\u00ednios do Brasil, com receita operacional l\u00edquida de R$ 4,6 bilh\u00f5es em 2024, contando com sete f\u00e1bricas e 20 centros de distribui\u00e7\u00e3o.<\/p>\n<p>A empresa re\u00fane marcas l\u00edderes em seus segmentos, como Bet\u00e2nia, Camponesa, Bet\u00e2nia Kids, YoBem e Caramelos Embar\u00e9,\u00a0e\u00a0atua com um portf\u00f3lio forte e diversificado, com mais de 250 produtos vendidos em mais de 50 mil pontos de venda, no Brasil e em 28 pa\u00edses.<\/p>\n<p>J\u00e1 em Moema, o governador conheceu a f\u00e1brica de p\u00e3es de queijo &#8220;Que Nem da V\u00f3&#8221;, uma microempresa de congelados mineira fundada em 2019. Sua principal atividade \u00e9 a fabrica\u00e7\u00e3o de produtos de panifica\u00e7\u00e3o industrial.<\/p>\n<p><strong>Encontro com lideran\u00e7as em Luz<\/strong><\/p>\n<p>O governador e o vice-governador participaram tamb\u00e9m de um encontro com lideran\u00e7as pol\u00edticas em Luz. O munic\u00edpio tem forte tradi\u00e7\u00e3o religiosa, import\u00e2ncia estrat\u00e9gica no transporte rodovi\u00e1rio da regi\u00e3o e uma economia baseada no agroneg\u00f3cio, com destaque para a produ\u00e7\u00e3o de leite e derivados e gr\u00e3os.<\/p>\n<p>&nbsp;<\/p>\n<p>Fonte: Ag\u00eancia Minas<\/p>\n","protected":false},"excerpt":{"rendered":"<p>O governador de Minas Gerais, Romeu Zema, e o vice-governador, Mateus Sim\u00f5es, acompanharam, nesta quinta-feira (15\/1), em Lagoa da Prata, no Centro-Oeste de Minas, entregas para as \u00e1reas da Sa\u00fade e\u00a0Seguran\u00e7a na\u00a0regi\u00e3o. Eles vistoriaram a nova sede da 107\u00aa Companhia\u00a0da Pol\u00edcia Militar de Minas Gerais (PMMG), que ir\u00e1 aprimorar a presta\u00e7\u00e3o dos servi\u00e7os da corpora\u00e7\u00e3o [&hellip;]<\/p>\n","protected":false},"author":246,"featured_media":232093,"comment_status":"closed","ping_status":"closed","sticky":false,"template":"","format":"standard","meta":{"footnotes":""},"categories":[301,436,261,254,252,439],"tags":[],"class_list":["post-232092","post","type-post","status-publish","format-standard","has-post-thumbnail","hentry","category-artigos-policiais","category-destaque-da-semana","category-economia","category-politica","category-regiao","category-ultima-hora"],"_links":{"self":[{"href":"https:\/\/diarioregionaldigital.com.br\/index.php?rest_route=\/wp\/v2\/posts\/232092","targetHints":{"allow":["GET"]}}],"collection":[{"href":"https:\/\/diarioregionaldigital.com.br\/index.php?rest_route=\/wp\/v2\/posts"}],"about":[{"href":"https:\/\/diarioregionaldigital.com.br\/index.php?rest_route=\/wp\/v2\/types\/post"}],"author":[{"embeddable":true,"href":"https:\/\/diarioregionaldigital.com.br\/index.php?rest_route=\/wp\/v2\/users\/246"}],"replies":[{"embeddable":true,"href":"https:\/\/diarioregionaldigital.com.br\/index.php?rest_route=%2Fwp%2Fv2%2Fcomments&post=232092"}],"version-history":[{"count":1,"href":"https:\/\/diarioregionaldigital.com.br\/index.php?rest_route=\/wp\/v2\/posts\/232092\/revisions"}],"predecessor-version":[{"id":232094,"href":"https:\/\/diarioregionaldigital.com.br\/index.php?rest_route=\/wp\/v2\/posts\/232092\/revisions\/232094"}],"wp:featuredmedia":[{"embeddable":true,"href":"https:\/\/diarioregionaldigital.com.br\/index.php?rest_route=\/wp\/v2\/media\/232093"}],"wp:attachment":[{"href":"https:\/\/diarioregionaldigital.com.br\/index.php?rest_route=%2Fwp%2Fv2%2Fmedia&parent=232092"}],"wp:term":[{"taxonomy":"category","embeddable":true,"href":"https:\/\/diarioregionaldigital.com.br\/index.php?rest_route=%2Fwp%2Fv2%2Fcategories&post=232092"},{"taxonomy":"post_tag","embeddable":true,"href":"https:\/\/diarioregionaldigital.com.br\/index.php?rest_route=%2Fwp%2Fv2%2Ftags&post=232092"}],"curies":[{"name":"wp","href":"https:\/\/api.w.org\/{rel}","templated":true}]}}