{"id":231107,"date":"2025-10-31T19:43:49","date_gmt":"2025-10-31T22:43:49","guid":{"rendered":"https:\/\/diarioregionaldigital.com.br\/?p=231107"},"modified":"2025-10-31T19:43:49","modified_gmt":"2025-10-31T22:43:49","slug":"secretaria-das-mulheres-recebe-visita-tecnica-de-secretaria-e-equipe-da-prefeitura-de-conselheiro-lafaiete","status":"publish","type":"post","link":"https:\/\/diarioregionaldigital.com.br\/?p=231107","title":{"rendered":"Secretaria das Mulheres recebe visita t\u00e9cnica de secret\u00e1ria e equipe da Prefeitura de Conselheiro Lafaiete"},"content":{"rendered":"<p>Segundo informa\u00e7\u00f5es do site da Prefeitura de Juiz de Fora (PJF), a\u00a0equipe da Secretaria Especial das Mulheres da Prefeitura de Juiz de Fora (PJF) recebeu a secret\u00e1ria e representantes da Secretaria Adjunta de Pol\u00edticas para as Mulheres da Prefeitura de Conselheiro Lafaiete, nesta quinta-feira, 30. O intuito da visita t\u00e9cnica foi conhecer as boas pr\u00e1ticas adotadas no munic\u00edpio e realizar um interc\u00e2mbio de conhecimento entre as cidades. A visita foi conduzida pela secret\u00e1ria das Mulheres de Juiz de Fora, Lourdes Milit\u00e3o, pela gerente da Casa da Mulher Brasileira, Andreza Seraphim, e pela coordenadora da Casa da Mulher, Jessieli Lomar.<\/p>\n<p>\u201cAtualmente, o nosso Centro de Refer\u00eancia da Mulher de Lafaiete tem o atendimento voltado para as mulheres v\u00edtimas de viol\u00eancia. Por isso, viemos conhecer o trabalho desenvolvido pela Casa da Mulher de Juiz de Fora, que tem programa\u00e7\u00e3o voltada para todas as mulheres, independente se foram v\u00edtimas ou n\u00e3o de viol\u00eancia. Nosso objetivo \u00e9 poder ampliar os nossos servi\u00e7os, como acontece aqui\u201d, declarou a secret\u00e1ria Adjunta de Pol\u00edticas P\u00fablicas para as Mulheres de Conselheiro Lafaiete, Ivanete Nogueira.<\/p>\n<p>Durante a visita, tamb\u00e9m foi apresentada a futura Casa da Mulher Brasileira, projeto do governo Federal com contrapartida do munic\u00edpio, que ser\u00e1 constru\u00eddo em breve ao lado da PJF, e vai contar com os seguintes servi\u00e7os: Delegacia da Mulher, assist\u00eancia social e psicol\u00f3gica, brinquedoteca, Vara do Tribunal de Justi\u00e7a, Minist\u00e9rio P\u00fablico, Defensoria P\u00fablica, promo\u00e7\u00e3o da autonomia econ\u00f4mica, e alojamento de passagem para mulheres e filhos.<\/p>\n<p>\u201c\u00c9 muito importante essa troca de experi\u00eancia entre os munic\u00edpios, pois devemos todas contribuir para o fortalecimento das pol\u00edticas para as mulheres, essa luta t\u00e3o importante na preserva\u00e7\u00e3o de vidas, da dignidade humana e da fam\u00edlia\u201d, ressaltou a secret\u00e1ria das Mulheres, Lourdes Milit\u00e3o. Tamb\u00e9m participaram da visita a gerente de pol\u00edticas p\u00fablicas para as Mulheres de Lafaiete, Isabel Cristina Corr\u00eaa, e a advogada do Centro de Refer\u00eancia da Mulher, Nayara Moreira.<\/p>\n<p><strong>Casa da Mulher<\/strong><\/p>\n<p>A Casa da Mulher \u00e9 um centro de refer\u00eancia municipal voltado para o atendimento humanizado de mulheres em situa\u00e7\u00e3o de viol\u00eancia dom\u00e9stica e de g\u00eanero. A unidade oferece para todas as mulheres atividades de promo\u00e7\u00e3o do bem-estar e capacita\u00e7\u00e3o, como arteterapia, yoga, musicoterapia, treinamento funcional e aulas de corte e costura, que contribuem para que as mulheres atendidas retomem suas vidas com mais autonomia e dignidade.<\/p>\n<p>Endere\u00e7o: Avenida Garibaldi Campinhos, 169 \u2013 Vitorino Braga<\/p>\n<p>Atendimento: Segunda a sexta-feira, das 8h \u00e0s 17h<\/p>\n<p>Telefone: (32) 3690-7292<\/p>\n","protected":false},"excerpt":{"rendered":"<p>Segundo informa\u00e7\u00f5es do site da Prefeitura de Juiz de Fora (PJF), a\u00a0equipe da Secretaria Especial das Mulheres da Prefeitura de Juiz de Fora (PJF) recebeu a secret\u00e1ria e representantes da Secretaria Adjunta de Pol\u00edticas para as Mulheres da Prefeitura de Conselheiro Lafaiete, nesta quinta-feira, 30. O intuito da visita t\u00e9cnica foi conhecer as boas pr\u00e1ticas [&hellip;]<\/p>\n","protected":false},"author":246,"featured_media":231108,"comment_status":"closed","ping_status":"closed","sticky":false,"template":"","format":"standard","meta":{"footnotes":""},"categories":[253,436,439],"tags":[],"class_list":["post-231107","post","type-post","status-publish","format-standard","has-post-thumbnail","hentry","category-cidade","category-destaque-da-semana","category-ultima-hora"],"_links":{"self":[{"href":"https:\/\/diarioregionaldigital.com.br\/index.php?rest_route=\/wp\/v2\/posts\/231107","targetHints":{"allow":["GET"]}}],"collection":[{"href":"https:\/\/diarioregionaldigital.com.br\/index.php?rest_route=\/wp\/v2\/posts"}],"about":[{"href":"https:\/\/diarioregionaldigital.com.br\/index.php?rest_route=\/wp\/v2\/types\/post"}],"author":[{"embeddable":true,"href":"https:\/\/diarioregionaldigital.com.br\/index.php?rest_route=\/wp\/v2\/users\/246"}],"replies":[{"embeddable":true,"href":"https:\/\/diarioregionaldigital.com.br\/index.php?rest_route=%2Fwp%2Fv2%2Fcomments&post=231107"}],"version-history":[{"count":1,"href":"https:\/\/diarioregionaldigital.com.br\/index.php?rest_route=\/wp\/v2\/posts\/231107\/revisions"}],"predecessor-version":[{"id":231109,"href":"https:\/\/diarioregionaldigital.com.br\/index.php?rest_route=\/wp\/v2\/posts\/231107\/revisions\/231109"}],"wp:featuredmedia":[{"embeddable":true,"href":"https:\/\/diarioregionaldigital.com.br\/index.php?rest_route=\/wp\/v2\/media\/231108"}],"wp:attachment":[{"href":"https:\/\/diarioregionaldigital.com.br\/index.php?rest_route=%2Fwp%2Fv2%2Fmedia&parent=231107"}],"wp:term":[{"taxonomy":"category","embeddable":true,"href":"https:\/\/diarioregionaldigital.com.br\/index.php?rest_route=%2Fwp%2Fv2%2Fcategories&post=231107"},{"taxonomy":"post_tag","embeddable":true,"href":"https:\/\/diarioregionaldigital.com.br\/index.php?rest_route=%2Fwp%2Fv2%2Ftags&post=231107"}],"curies":[{"name":"wp","href":"https:\/\/api.w.org\/{rel}","templated":true}]}}