{"id":231050,"date":"2025-10-28T17:54:12","date_gmt":"2025-10-28T20:54:12","guid":{"rendered":"https:\/\/diarioregionaldigital.com.br\/?p=231050"},"modified":"2025-10-28T17:54:12","modified_gmt":"2025-10-28T20:54:12","slug":"peca-sobre-vida-e-luta-de-chico-mendes-emociona-publico-no-teatro-paschoal-carlos-magno","status":"publish","type":"post","link":"https:\/\/diarioregionaldigital.com.br\/?p=231050","title":{"rendered":"Pe\u00e7a sobre vida e luta de Chico Mendes emociona p\u00fablico no Teatro Paschoal Carlos Magno"},"content":{"rendered":"<p>Segundo informa\u00e7\u00f5es do site da Prefeitura de Juiz de Fora (PJF), o espet\u00e1culo \u201cVozes da Floresta \u2013 Chico Mendes Vive\u201d, estrelado e concebido pela atriz Luc\u00e9lia Santos e com participa\u00e7\u00e3o do ator Jo\u00e3o Signorelli, emocionou o p\u00fablico que lotou o Teatro Paschoal Carlos Magno neste \u00faltimo domingo, 26. A montagem presta uma homenagem ao l\u00edder seringueiro e ambientalista Chico Mendes, \u00edcone da luta pela preserva\u00e7\u00e3o da Amaz\u00f4nia e pelos direitos dos trabalhadores da floresta.<\/p>\n<p>A apresenta\u00e7\u00e3o contou com a presen\u00e7a da prefeita Margarida Salom\u00e3o, da secret\u00e1ria de Desenvolvimento Urbano e Participa\u00e7\u00e3o Popular, Cidinha Louzada, e da deputada federal Ana Pimentel, refor\u00e7ando o apoio institucional da Prefeitura de Juiz de Fora (PJF) \u00e0s iniciativas culturais e ambientais realizadas na cidade.<\/p>\n<p>Durante a apresenta\u00e7\u00e3o, Luc\u00e9lia Santos destacou a for\u00e7a simb\u00f3lica e emocional da obra. \u201cEssa hist\u00f3ria me atravessou e atravessa. Fui companheira de luta do Chico, e \u00e9 uma emo\u00e7\u00e3o conseguir dar continuidade a essa luta e conquistar um espa\u00e7o no teatro para resgatar a mem\u00f3ria e propor debates\u201d, afirmou.<\/p>\n<p>O espet\u00e1culo apresenta um recorte sens\u00edvel e pol\u00edtico da trajet\u00f3ria de Chico Mendes, combinando depoimentos reais, recursos audiovisuais e \u00e1udios hist\u00f3ricos do pr\u00f3prio ambientalista. O resultado \u00e9 uma narrativa envolvente, de grande valor hist\u00f3rico, art\u00edstico e social, que provoca reflex\u00e3o sobre o legado do l\u00edder acreano e sua atualidade diante dos desafios ambientais contempor\u00e2neos.<\/p>\n<p>Para a prefeita Margarida Salom\u00e3o, a apresenta\u00e7\u00e3o refor\u00e7ou o papel transformador da arte. \u201cCom certeza, essa apresenta\u00e7\u00e3o com a voz do Chico, com as fotos e com a presen\u00e7a das pessoas que s\u00e3o testemunhas hist\u00f3ricas dessa caminhada do povo brasileiro enriqueceu a popula\u00e7\u00e3o de Juiz de Fora\u201d, destacou.<\/p>\n<p>Com dire\u00e7\u00e3o precisa e forte apelo emocional, \u201cVozes da Floresta \u2013 Chico Mendes Vive\u201d reafirma a arte como instrumento de preserva\u00e7\u00e3o da mem\u00f3ria e de fortalecimento das pautas socioambientais. A iniciativa dialoga com as pol\u00edticas p\u00fablicas de cultura e meio ambiente implementadas pela Prefeitura de Juiz de Fora, promovendo reflex\u00e3o e engajamento social em torno da sustentabilidade, da justi\u00e7a social e dos direitos humanos.<\/p>\n","protected":false},"excerpt":{"rendered":"<p>Segundo informa\u00e7\u00f5es do site da Prefeitura de Juiz de Fora (PJF), o espet\u00e1culo \u201cVozes da Floresta \u2013 Chico Mendes Vive\u201d, estrelado e concebido pela atriz Luc\u00e9lia Santos e com participa\u00e7\u00e3o do ator Jo\u00e3o Signorelli, emocionou o p\u00fablico que lotou o Teatro Paschoal Carlos Magno neste \u00faltimo domingo, 26. A montagem presta uma homenagem ao l\u00edder [&hellip;]<\/p>\n","protected":false},"author":246,"featured_media":231054,"comment_status":"closed","ping_status":"closed","sticky":false,"template":"","format":"standard","meta":{"footnotes":""},"categories":[253,436,440,439],"tags":[],"class_list":["post-231050","post","type-post","status-publish","format-standard","has-post-thumbnail","hentry","category-cidade","category-destaque-da-semana","category-destaques-do-dia","category-ultima-hora"],"_links":{"self":[{"href":"https:\/\/diarioregionaldigital.com.br\/index.php?rest_route=\/wp\/v2\/posts\/231050","targetHints":{"allow":["GET"]}}],"collection":[{"href":"https:\/\/diarioregionaldigital.com.br\/index.php?rest_route=\/wp\/v2\/posts"}],"about":[{"href":"https:\/\/diarioregionaldigital.com.br\/index.php?rest_route=\/wp\/v2\/types\/post"}],"author":[{"embeddable":true,"href":"https:\/\/diarioregionaldigital.com.br\/index.php?rest_route=\/wp\/v2\/users\/246"}],"replies":[{"embeddable":true,"href":"https:\/\/diarioregionaldigital.com.br\/index.php?rest_route=%2Fwp%2Fv2%2Fcomments&post=231050"}],"version-history":[{"count":1,"href":"https:\/\/diarioregionaldigital.com.br\/index.php?rest_route=\/wp\/v2\/posts\/231050\/revisions"}],"predecessor-version":[{"id":231055,"href":"https:\/\/diarioregionaldigital.com.br\/index.php?rest_route=\/wp\/v2\/posts\/231050\/revisions\/231055"}],"wp:featuredmedia":[{"embeddable":true,"href":"https:\/\/diarioregionaldigital.com.br\/index.php?rest_route=\/wp\/v2\/media\/231054"}],"wp:attachment":[{"href":"https:\/\/diarioregionaldigital.com.br\/index.php?rest_route=%2Fwp%2Fv2%2Fmedia&parent=231050"}],"wp:term":[{"taxonomy":"category","embeddable":true,"href":"https:\/\/diarioregionaldigital.com.br\/index.php?rest_route=%2Fwp%2Fv2%2Fcategories&post=231050"},{"taxonomy":"post_tag","embeddable":true,"href":"https:\/\/diarioregionaldigital.com.br\/index.php?rest_route=%2Fwp%2Fv2%2Ftags&post=231050"}],"curies":[{"name":"wp","href":"https:\/\/api.w.org\/{rel}","templated":true}]}}