{"id":230934,"date":"2025-10-21T17:46:01","date_gmt":"2025-10-21T20:46:01","guid":{"rendered":"https:\/\/diarioregionaldigital.com.br\/?p=230934"},"modified":"2025-10-21T17:46:01","modified_gmt":"2025-10-21T20:46:01","slug":"finalizada-a-instalacao-da-nova-passarela-de-pedestres-no-corrego-carlos-chagas","status":"publish","type":"post","link":"https:\/\/diarioregionaldigital.com.br\/?p=230934","title":{"rendered":"Finalizada a instala\u00e7\u00e3o da nova passarela de pedestres no c\u00f3rrego Carlos Chagas"},"content":{"rendered":"<p>Segundo informa\u00e7\u00f5es do site da Prefeitura de Juiz de Fora (PJF), a PJF finalizou a instala\u00e7\u00e3o da passarela de pedestres que atravessa o c\u00f3rrego do Carlos Chagas, na rua Eunice Weaver, pr\u00f3ximo ao cruzamento com a Rua Helena Bitencourt, onde ficava a antiga ponte do bairro.<\/p>\n<p>A nova estrutura era uma demanda da comunidade para minimizar os impactos gerados pela obra e permanecer\u00e1 no local de forma permanente. \u201c\u00c9 uma nova passarela, pr\u00f3xima ao ponto de constru\u00e7\u00e3o da nova ponte, que se integra \u00e0s conten\u00e7\u00f5es das margens que foram finalizadas. Com ela, vamos garantir a travessia dos moradores de maneira mais segura e com acessibilidade\u201d, ressaltou a secret\u00e1ria de Obras, Bruna Rocha.<\/p>\n<p>Com o t\u00e9rmino das conten\u00e7\u00f5es, que ocupam 50 metros nas duas laterais do curso d\u2019\u00e1gua, as obras continuam agora na fase de escava\u00e7\u00e3o do local de instala\u00e7\u00e3o da nova ponte. Neste ponto, ser\u00e1 feita a constru\u00e7\u00e3o da laje que servir\u00e1 como base para a coloca\u00e7\u00e3o dos pr\u00e9-moldados.<\/p>\n<p>\u00c9 uma nova tecnologia que est\u00e1 sendo implementada, garantindo uma maior durabilidade e agilidade na conclus\u00e3o das interven\u00e7\u00f5es. Com isso, a obra, que \u00e9 executada pela empresa Montreal Constru\u00e7\u00f5es Ltda., teve previs\u00e3o de entrega antecipada para mar\u00e7o de 2026.<\/p>\n","protected":false},"excerpt":{"rendered":"<p>Segundo informa\u00e7\u00f5es do site da Prefeitura de Juiz de Fora (PJF), a PJF finalizou a instala\u00e7\u00e3o da passarela de pedestres que atravessa o c\u00f3rrego do Carlos Chagas, na rua Eunice Weaver, pr\u00f3ximo ao cruzamento com a Rua Helena Bitencourt, onde ficava a antiga ponte do bairro. A nova estrutura era uma demanda da comunidade para [&hellip;]<\/p>\n","protected":false},"author":246,"featured_media":230935,"comment_status":"closed","ping_status":"closed","sticky":false,"template":"","format":"standard","meta":{"footnotes":""},"categories":[253,436,439],"tags":[],"class_list":["post-230934","post","type-post","status-publish","format-standard","has-post-thumbnail","hentry","category-cidade","category-destaque-da-semana","category-ultima-hora"],"_links":{"self":[{"href":"https:\/\/diarioregionaldigital.com.br\/index.php?rest_route=\/wp\/v2\/posts\/230934","targetHints":{"allow":["GET"]}}],"collection":[{"href":"https:\/\/diarioregionaldigital.com.br\/index.php?rest_route=\/wp\/v2\/posts"}],"about":[{"href":"https:\/\/diarioregionaldigital.com.br\/index.php?rest_route=\/wp\/v2\/types\/post"}],"author":[{"embeddable":true,"href":"https:\/\/diarioregionaldigital.com.br\/index.php?rest_route=\/wp\/v2\/users\/246"}],"replies":[{"embeddable":true,"href":"https:\/\/diarioregionaldigital.com.br\/index.php?rest_route=%2Fwp%2Fv2%2Fcomments&post=230934"}],"version-history":[{"count":1,"href":"https:\/\/diarioregionaldigital.com.br\/index.php?rest_route=\/wp\/v2\/posts\/230934\/revisions"}],"predecessor-version":[{"id":230936,"href":"https:\/\/diarioregionaldigital.com.br\/index.php?rest_route=\/wp\/v2\/posts\/230934\/revisions\/230936"}],"wp:featuredmedia":[{"embeddable":true,"href":"https:\/\/diarioregionaldigital.com.br\/index.php?rest_route=\/wp\/v2\/media\/230935"}],"wp:attachment":[{"href":"https:\/\/diarioregionaldigital.com.br\/index.php?rest_route=%2Fwp%2Fv2%2Fmedia&parent=230934"}],"wp:term":[{"taxonomy":"category","embeddable":true,"href":"https:\/\/diarioregionaldigital.com.br\/index.php?rest_route=%2Fwp%2Fv2%2Fcategories&post=230934"},{"taxonomy":"post_tag","embeddable":true,"href":"https:\/\/diarioregionaldigital.com.br\/index.php?rest_route=%2Fwp%2Fv2%2Ftags&post=230934"}],"curies":[{"name":"wp","href":"https:\/\/api.w.org\/{rel}","templated":true}]}}