{"id":230927,"date":"2025-10-21T17:43:54","date_gmt":"2025-10-21T20:43:54","guid":{"rendered":"https:\/\/diarioregionaldigital.com.br\/?p=230927"},"modified":"2025-10-21T17:43:54","modified_gmt":"2025-10-21T20:43:54","slug":"flavia-saraiva-vai-a-final-da-trave-no-mundial-de-ginastica-artistica","status":"publish","type":"post","link":"https:\/\/diarioregionaldigital.com.br\/?p=230927","title":{"rendered":"Fl\u00e1via Saraiva vai \u00e0 final da trave no Mundial de Gin\u00e1stica Art\u00edstica"},"content":{"rendered":"<p>Medalhista ol\u00edmpica em Paris 2024, a carioca Fl\u00e1via Saraiva vai brigar pelo p\u00f3dio\u00a0na trave de equil\u00edbrio no Campeonato Mundial de Gin\u00e1stica Art\u00edstica, em Jacarta (Indon\u00e9sia). Ela cravou nota total de 13.833, a segunda melhor nas classificat\u00f3rias do aparelho, o predileto da brasileira. Apenas oito ginastas avan\u00e7aram \u00e0 final da trave, programada para o pr\u00f3ximo s\u00e1bado (25), a partir das 4h (hor\u00e1rio de Bras\u00edlia).\u00a0<img decoding=\"async\" src=\"https:\/\/agenciabrasil.ebc.com.br\/ebc.png?id=1663739&amp;o=node\" \/><img decoding=\"async\" src=\"https:\/\/agenciabrasil.ebc.com.br\/ebc.gif?id=1663739&amp;o=node\" \/><\/p>\n<p>Antes, nesta quarta (22), Caio Souza e Diogo Soares brigam por medalha, a partir das 8h, na final do\u00a0individual geral masculino.\u00a0Todas as finais ter\u00e3o\u00a0<a href=\"https:\/\/www.youtube.com\/@TimeBrasil\/streams\"><strong>transmiss\u00e3o ao vivo online\u00a0<\/strong><\/a>no Canal Ol\u00edmpico do Brasil no YouTube.<\/p>\n<p>Durante a apresenta\u00e7\u00e3o da s\u00e9rie na trave, Flavinha conseguiu a \u00fanica nota acima de 8 na execu\u00e7\u00e3o. A brasileira anotou 8.333, bem acima da obtida pela chinesa Zhang Qingying (7.866), primeira colocada geral nas classificat\u00f3rias. No entanto, a asi\u00e1tica levou nota mais alta pelo grau de dificuldade da sua s\u00e9rie: obteve 6.500 contra 5.500 da brasileira.<\/p>\n<p>\u201cEstou muito feliz de ter voltado ao cen\u00e1rio competitivo mundialmente, estar entre as melhores do mundo, \u00e9 um sonho realizado. T\u00f4 me sentindo leve, t\u00f4 me sentindo feliz, de estar voltando a competir. Faz anos que n\u00e3o me sinto como estou me sentindo agora, t\u00e3o feliz dentro do gin\u00e1sio\u201d, disse Saraiva.<\/p>\n<p>A ginasta de 26 anos e 1,48 de altura, bronze por equipes em Paris 2024, sonha com o ouro in\u00e9dito no mundial. Na edi\u00e7\u00e3o do Mundial de 2023, ela faturou prata por equipes e bronze no solo. Flavinha foi a \u00fanica das atletas da equipe feminina a avan\u00e7ar \u00e0 final por aparelhos.\u00a0Tamb\u00e9m medalhista por equipes nos Jogos de Paris, J\u00falia Soares, se apresentou na trave e no solo. O Brasil tamb\u00e9m contou com as \u00a0estreantes J\u00falia Coutinho e Sophia Weisberg, ambas com 15 anos. J\u00falia se apresentou no solo, e Sophia em tr\u00eas aparelho (barras, salto e trave).<\/p>\n<p>\u201cEste \u00e9 um momento de reconstru\u00e7\u00e3o e de observa\u00e7\u00e3o. Montamos uma equipe que combina atletas experientes, como Fl\u00e1via e Julia, com ginastas que vivem o Mundial adulto pela primeira vez. Essa conviv\u00eancia \u00e9 essencial para o amadurecimento t\u00e9cnico das mais jovens e fortalece o esp\u00edrito coletivo da equipe&#8221;, avaliou o\u00a0Francisco Porath Neto, coordenador t\u00e9cnico da sele\u00e7\u00e3o feminina Francisco Porath Neto.<\/p>\n<h2>Classificadas \u00e0 final da trave no Mundial de Jacarta<\/h2>\n<p>1\u00aa &#8211;\u00a0Zhang\u00a0Qingying (China) &#8211; 14.366<\/p>\n<p>2\u00aa\u00a0&#8211;\u00a0<strong>Flavia Saraiva \u00a0&#8211; 13.833<\/strong><\/p>\n<p>3\u00aa &#8211; Sabrina Maneca-Voinea\u00a0(Rom\u00eania) &#8211;\u00a013.833<\/p>\n<p>4\u00aa &#8211; Elsabeth Black (Canad\u00e1) &#8211;\u00a013.466<\/p>\n<p>5\u00aa &#8211; Sugihara\u00a0Aiko (Jap\u00e3o) &#8211; 13.433<\/p>\n<p>6\u00aa &#8211; Dulcy Caylor\u00a0(EUA)\u00a0&#8211; 13.333<\/p>\n<p>7\u00aa &#8211; Amanda Yap\u00a0(Cingapura) &#8211; 13.300<\/p>\n<p>8\u00aa &#8211; Kaylia NEMOUR (Arg\u00e9lia) &#8211;\u00a0 13.233<\/p>\n<p>Fonte: Ag\u00eancia Brasil<\/p>\n","protected":false},"excerpt":{"rendered":"<p>Medalhista ol\u00edmpica em Paris 2024, a carioca Fl\u00e1via Saraiva vai brigar pelo p\u00f3dio\u00a0na trave de equil\u00edbrio no Campeonato Mundial de Gin\u00e1stica Art\u00edstica, em Jacarta (Indon\u00e9sia). Ela cravou nota total de 13.833, a segunda melhor nas classificat\u00f3rias do aparelho, o predileto da brasileira. Apenas oito ginastas avan\u00e7aram \u00e0 final da trave, programada para o pr\u00f3ximo s\u00e1bado [&hellip;]<\/p>\n","protected":false},"author":246,"featured_media":230928,"comment_status":"closed","ping_status":"closed","sticky":false,"template":"","format":"standard","meta":{"footnotes":""},"categories":[440,257,439],"tags":[],"class_list":["post-230927","post","type-post","status-publish","format-standard","has-post-thumbnail","hentry","category-destaques-do-dia","category-esporte","category-ultima-hora"],"_links":{"self":[{"href":"https:\/\/diarioregionaldigital.com.br\/index.php?rest_route=\/wp\/v2\/posts\/230927","targetHints":{"allow":["GET"]}}],"collection":[{"href":"https:\/\/diarioregionaldigital.com.br\/index.php?rest_route=\/wp\/v2\/posts"}],"about":[{"href":"https:\/\/diarioregionaldigital.com.br\/index.php?rest_route=\/wp\/v2\/types\/post"}],"author":[{"embeddable":true,"href":"https:\/\/diarioregionaldigital.com.br\/index.php?rest_route=\/wp\/v2\/users\/246"}],"replies":[{"embeddable":true,"href":"https:\/\/diarioregionaldigital.com.br\/index.php?rest_route=%2Fwp%2Fv2%2Fcomments&post=230927"}],"version-history":[{"count":2,"href":"https:\/\/diarioregionaldigital.com.br\/index.php?rest_route=\/wp\/v2\/posts\/230927\/revisions"}],"predecessor-version":[{"id":230930,"href":"https:\/\/diarioregionaldigital.com.br\/index.php?rest_route=\/wp\/v2\/posts\/230927\/revisions\/230930"}],"wp:featuredmedia":[{"embeddable":true,"href":"https:\/\/diarioregionaldigital.com.br\/index.php?rest_route=\/wp\/v2\/media\/230928"}],"wp:attachment":[{"href":"https:\/\/diarioregionaldigital.com.br\/index.php?rest_route=%2Fwp%2Fv2%2Fmedia&parent=230927"}],"wp:term":[{"taxonomy":"category","embeddable":true,"href":"https:\/\/diarioregionaldigital.com.br\/index.php?rest_route=%2Fwp%2Fv2%2Fcategories&post=230927"},{"taxonomy":"post_tag","embeddable":true,"href":"https:\/\/diarioregionaldigital.com.br\/index.php?rest_route=%2Fwp%2Fv2%2Ftags&post=230927"}],"curies":[{"name":"wp","href":"https:\/\/api.w.org\/{rel}","templated":true}]}}