{"id":230888,"date":"2025-10-20T19:08:49","date_gmt":"2025-10-20T22:08:49","guid":{"rendered":"https:\/\/diarioregionaldigital.com.br\/?p=230888"},"modified":"2025-10-20T19:08:49","modified_gmt":"2025-10-20T22:08:49","slug":"mais-de-6-mil-doses-foram-aplicadas-no-dia-d-de-multivacinacao","status":"publish","type":"post","link":"https:\/\/diarioregionaldigital.com.br\/?p=230888","title":{"rendered":"Mais de 6 mil doses foram aplicadas no Dia D de Multivacina\u00e7\u00e3o"},"content":{"rendered":"<p>Segundo informa\u00e7\u00f5es do site da Prefeitura de Juiz de Fora (PJF), o empenho dos profissionais da Secretaria de Sa\u00fade (SS) da Prefeitura de Juiz de Fora (PJF) foi fundamental para o sucesso do Dia D da Multivacina\u00e7\u00e3o, realizado no \u00faltimo s\u00e1bado, 18. Com as Unidades abertas das 8h \u00e0s 17h, as equipes mantiveram um trabalho cont\u00ednuo de acolhimento e atendimento \u00e0 popula\u00e7\u00e3o, resultando na aplica\u00e7\u00e3o de mais de 6 mil doses de vacinas em crian\u00e7as, adolescentes e adultos.<\/p>\n<p>A a\u00e7\u00e3o fez parte da campanha nacional coordenada pelo Minist\u00e9rio da Sa\u00fade (MS) e teve como principal objetivo atualizar as cadernetas de vacina\u00e7\u00e3o e refor\u00e7ar a prote\u00e7\u00e3o contra doen\u00e7as imunopreven\u00edveis. Em Juiz de Fora, o movimento foi marcado pela forte ades\u00e3o do p\u00fablico e pela dedica\u00e7\u00e3o das equipes distribu\u00eddas nas Unidades B\u00e1sicas de Sa\u00fade (UBS) e no Centro de Vigil\u00e2ncia em Sa\u00fade, que funcionaram durante todo o dia para ampliar o alcance da mobiliza\u00e7\u00e3o.<\/p>\n<p>O resultado expressivo reflete o comprometimento da rede municipal de sa\u00fade em garantir que todas as pessoas tenham acesso \u00e0s vacinas recomendadas para cada faixa et\u00e1ria. A mobiliza\u00e7\u00e3o de s\u00e1bado \u00e9 parte de um trabalho cont\u00ednuo de vigil\u00e2ncia e cuidado, que se estende ao longo de todo o ano.<br \/>\nVacina\u00e7\u00e3o segue de segunda \u00e0 s\u00e1bado nas UBSs, e \u00e0s quartas no Vacim\u00f3vel<\/p>\n<p>A vacina\u00e7\u00e3o permanece dispon\u00edvel nas UBSs, de segunda a sexta-feira, a partir das 9h, e tamb\u00e9m aos s\u00e1bados, das 8h \u00e0s 11h. O atendimento tamb\u00e9m \u00e9 oferecido pelo Vacim\u00f3vel, unidade itinerante da PJF que percorre diferentes regi\u00f5es da cidade. Toda quarta-feira, o ve\u00edculo permanece em uma pra\u00e7a p\u00fablica, das 9h \u00e0s 16h, ampliando o acesso e levando a imuniza\u00e7\u00e3o ainda mais perto da popula\u00e7\u00e3o.<\/p>\n","protected":false},"excerpt":{"rendered":"<p>Segundo informa\u00e7\u00f5es do site da Prefeitura de Juiz de Fora (PJF), o empenho dos profissionais da Secretaria de Sa\u00fade (SS) da Prefeitura de Juiz de Fora (PJF) foi fundamental para o sucesso do Dia D da Multivacina\u00e7\u00e3o, realizado no \u00faltimo s\u00e1bado, 18. Com as Unidades abertas das 8h \u00e0s 17h, as equipes mantiveram um trabalho [&hellip;]<\/p>\n","protected":false},"author":246,"featured_media":230889,"comment_status":"closed","ping_status":"closed","sticky":false,"template":"","format":"standard","meta":{"footnotes":""},"categories":[253,436,440,439],"tags":[],"class_list":["post-230888","post","type-post","status-publish","format-standard","has-post-thumbnail","hentry","category-cidade","category-destaque-da-semana","category-destaques-do-dia","category-ultima-hora"],"_links":{"self":[{"href":"https:\/\/diarioregionaldigital.com.br\/index.php?rest_route=\/wp\/v2\/posts\/230888","targetHints":{"allow":["GET"]}}],"collection":[{"href":"https:\/\/diarioregionaldigital.com.br\/index.php?rest_route=\/wp\/v2\/posts"}],"about":[{"href":"https:\/\/diarioregionaldigital.com.br\/index.php?rest_route=\/wp\/v2\/types\/post"}],"author":[{"embeddable":true,"href":"https:\/\/diarioregionaldigital.com.br\/index.php?rest_route=\/wp\/v2\/users\/246"}],"replies":[{"embeddable":true,"href":"https:\/\/diarioregionaldigital.com.br\/index.php?rest_route=%2Fwp%2Fv2%2Fcomments&post=230888"}],"version-history":[{"count":1,"href":"https:\/\/diarioregionaldigital.com.br\/index.php?rest_route=\/wp\/v2\/posts\/230888\/revisions"}],"predecessor-version":[{"id":230890,"href":"https:\/\/diarioregionaldigital.com.br\/index.php?rest_route=\/wp\/v2\/posts\/230888\/revisions\/230890"}],"wp:featuredmedia":[{"embeddable":true,"href":"https:\/\/diarioregionaldigital.com.br\/index.php?rest_route=\/wp\/v2\/media\/230889"}],"wp:attachment":[{"href":"https:\/\/diarioregionaldigital.com.br\/index.php?rest_route=%2Fwp%2Fv2%2Fmedia&parent=230888"}],"wp:term":[{"taxonomy":"category","embeddable":true,"href":"https:\/\/diarioregionaldigital.com.br\/index.php?rest_route=%2Fwp%2Fv2%2Fcategories&post=230888"},{"taxonomy":"post_tag","embeddable":true,"href":"https:\/\/diarioregionaldigital.com.br\/index.php?rest_route=%2Fwp%2Fv2%2Ftags&post=230888"}],"curies":[{"name":"wp","href":"https:\/\/api.w.org\/{rel}","templated":true}]}}