{"id":230757,"date":"2025-10-13T19:22:54","date_gmt":"2025-10-13T22:22:54","guid":{"rendered":"https:\/\/diarioregionaldigital.com.br\/?p=230757"},"modified":"2025-10-13T19:22:54","modified_gmt":"2025-10-13T22:22:54","slug":"mais-de-3700-pessoas-participaram-do-rua-de-brincar-neste-domingo-12","status":"publish","type":"post","link":"https:\/\/diarioregionaldigital.com.br\/?p=230757","title":{"rendered":"Mais de 3700 pessoas participaram do Rua de Brincar neste domingo, 12."},"content":{"rendered":"<p>Segundo informa\u00e7\u00f5es do site da Prefeitura de Juiz de Fora (PJF), no \u00faltimo domingo, 12, o Parque Municipal recebeu 3729 pessoas em mais uma edi\u00e7\u00e3o do projeto Rua de Brincar, edi\u00e7\u00e3o especial Dia das Crian\u00e7as. O evento contou com diversas atividades para as crian\u00e7as e para toda a fam\u00edlia, desde brincadeiras interativas at\u00e9 cuidados com a sa\u00fade. Durante o evento mais de 1000 pessoas usaram a piscina do parque. Com o Rua de Brincar deste domingo, o Parque chegou a marca de 500 mil visitantes desde a inaugura\u00e7\u00e3o em 2021.<\/p>\n<p>A programa\u00e7\u00e3o foi das 9h \u00e0s 16h com brinquedos infl\u00e1veis (tobog\u00e3s, jacar\u00e9 pula pula, tot\u00f3 humano); jogos de mesa (tot\u00f3, sinuca, ping-pong); parquinho infantil; cama el\u00e1stica; recrea\u00e7\u00e3o; educa\u00e7\u00e3o para o tr\u00e2nsito (atividade de colorir e pista de carrinho); educa\u00e7\u00e3o tur\u00edstica e o Aul\u00e3o Dan\u00e7a Mix com apresenta\u00e7\u00e3o da Cia de Dan\u00e7a.<\/p>\n<p>O evento tamb\u00e9m contou com\u00a0 desenhos para colorir e orienta\u00e7\u00f5es sobre os servi\u00e7os oferecidos pela Casa da Mulher, divulga\u00e7\u00e3o de programas como Apadrinhamento Afetivo e Fam\u00edlia Acolhedora e atividades l\u00fadicas (peteca, jogo da velha, colorir e conta\u00e7\u00e3o de hist\u00f3rias) da SAS; e o atendimento t\u00e9cnico do Cras S\u00e3o Pedro, das 9h \u00e0s 13h, com orienta\u00e7\u00f5es sobre benef\u00edcios socioassistenciais.<\/p>\n<p>A Secretaria de Sa\u00fade (SS) levou o Vacim\u00f3vel e uma exposi\u00e7\u00e3o de animais pe\u00e7onhentos, al\u00e9m de orienta\u00e7\u00f5es sobre preven\u00e7\u00e3o de doen\u00e7as. O Col\u00e9gio Cecon e a MedMais realizaram aferi\u00e7\u00e3o de sinais vitais, testes de glicemia e orienta\u00e7\u00f5es de sa\u00fade. A EMCASA preparou um espa\u00e7o de cinema com proje\u00e7\u00e3o de filmes infantis e desenhos para colorir e, a Funalfa fez a distribui\u00e7\u00e3o de livros da Lei Murilo Mendes, incentivando a leitura.<\/p>\n<p>A JFPrev promoveu atividades recreativas e desenhos. O Gabinete Comunit\u00e1rio da Sedupp esteve presente escutando a comunidade. A Secretaria de Turismo (Setur) e o Museu Mariano Proc\u00f3pio (Mapro) desenvolveram atividades educativas sobre patrim\u00f4nio e acervo cultural, com conta\u00e7\u00e3o de hist\u00f3rias, jogos, quebra-cabe\u00e7as e quizzes. O Programa Gente em Primeiro Lugar levou o grupo de m\u00fasica para animar o p\u00fablico. A Defesa Civil, vinculada \u00e0 Sedupp, apresentou jogos e experimentos sobre riscos de desastres.<\/p>\n<p>O F\u00f3rum de Educa\u00e7\u00e3o Infantil da Zona da Mata, a Alian\u00e7a pela Inf\u00e2ncia e a Faculdade de Educa\u00e7\u00e3o da Universidade Federal de Juiz de Fora estiveram presentes com espa\u00e7os brincantes e a Esta\u00e7\u00e3o do Desenho. A Secretaria de Educa\u00e7\u00e3o (SE) ofereceu oficinas de bola de meia e balangand\u00e3, resgatando brincadeiras tradicionais. A Secretaria de Seguran\u00e7a Urbana e Cidadania (Sesuc) participou com os mascotes da Guarda Municipal, atividades recreativas e desenhos para colorir, garantindo tamb\u00e9m a seguran\u00e7a do evento. A Cesama disponibilizou pontos de hidrata\u00e7\u00e3o com copinhos de \u00e1gua mineral.<\/p>\n<p>Como em todos os domingos, o transporte p\u00fablico foi gratuito. A Prefeitura tamb\u00e9m disponibilizou linha especial para o Parque Municipal al\u00e9m das tr\u00eas linhas que j\u00e1 d\u00e3o acesso ao parque, facilitando o acesso ao evento.<\/p>\n<p><strong>Programa Boniteza<\/strong><\/p>\n<p>Coordenado pela Secretaria de Desenvolvimento Urbano com Participa\u00e7\u00e3o Popular (Sedupp), o Programa Boniteza \u00e9 uma a\u00e7\u00e3o integrada entre Secretaria de Assist\u00eancia Social (SAS); Secretaria de Agricultura, Pecu\u00e1ria e Abastecimento (Seapa); Companhia de Saneamento Municipal (Cesama); Secretaria de Comunica\u00e7\u00e3o Social (Secom); Departamento Municipal de Limpeza Urbana (Demlurb);\u00a0 Secretaria de Desenvolvimento Sustent\u00e1vel e Inclusivo, da Inova\u00e7\u00e3o e Competitividade (Sedic); Empresa Municipal de Pavimenta\u00e7\u00e3o e Urbanidades (Empav); Juiz de Fora Previd\u00eancia (JFPrev); Secretaria de Educa\u00e7\u00e3o (SE); Secretaria Especial de Direitos Humanos (SEDH); Secretaria de Esporte e Lazer (SEL); Funda\u00e7\u00e3o Cultural Alfredo Ferreira Lage (Funalfa); Funda\u00e7\u00e3o Museu Mariano Proc\u00f3pio (Mapro); Secretaria da Fazenda (SF); Secretaria de Mobilidade Urbana (SMU); Secretaria de Obras (SO); Secretaria de Seguran\u00e7a Urbana e Cidadania (Sesuc); Secretaria de Sa\u00fade (SS); e Secretaria de Turismo (Setur)<\/p>\n","protected":false},"excerpt":{"rendered":"<p>Segundo informa\u00e7\u00f5es do site da Prefeitura de Juiz de Fora (PJF), no \u00faltimo domingo, 12, o Parque Municipal recebeu 3729 pessoas em mais uma edi\u00e7\u00e3o do projeto Rua de Brincar, edi\u00e7\u00e3o especial Dia das Crian\u00e7as. O evento contou com diversas atividades para as crian\u00e7as e para toda a fam\u00edlia, desde brincadeiras interativas at\u00e9 cuidados com [&hellip;]<\/p>\n","protected":false},"author":246,"featured_media":230758,"comment_status":"closed","ping_status":"closed","sticky":false,"template":"","format":"standard","meta":{"footnotes":""},"categories":[253,436,440,439],"tags":[],"class_list":["post-230757","post","type-post","status-publish","format-standard","has-post-thumbnail","hentry","category-cidade","category-destaque-da-semana","category-destaques-do-dia","category-ultima-hora"],"_links":{"self":[{"href":"https:\/\/diarioregionaldigital.com.br\/index.php?rest_route=\/wp\/v2\/posts\/230757","targetHints":{"allow":["GET"]}}],"collection":[{"href":"https:\/\/diarioregionaldigital.com.br\/index.php?rest_route=\/wp\/v2\/posts"}],"about":[{"href":"https:\/\/diarioregionaldigital.com.br\/index.php?rest_route=\/wp\/v2\/types\/post"}],"author":[{"embeddable":true,"href":"https:\/\/diarioregionaldigital.com.br\/index.php?rest_route=\/wp\/v2\/users\/246"}],"replies":[{"embeddable":true,"href":"https:\/\/diarioregionaldigital.com.br\/index.php?rest_route=%2Fwp%2Fv2%2Fcomments&post=230757"}],"version-history":[{"count":1,"href":"https:\/\/diarioregionaldigital.com.br\/index.php?rest_route=\/wp\/v2\/posts\/230757\/revisions"}],"predecessor-version":[{"id":230759,"href":"https:\/\/diarioregionaldigital.com.br\/index.php?rest_route=\/wp\/v2\/posts\/230757\/revisions\/230759"}],"wp:featuredmedia":[{"embeddable":true,"href":"https:\/\/diarioregionaldigital.com.br\/index.php?rest_route=\/wp\/v2\/media\/230758"}],"wp:attachment":[{"href":"https:\/\/diarioregionaldigital.com.br\/index.php?rest_route=%2Fwp%2Fv2%2Fmedia&parent=230757"}],"wp:term":[{"taxonomy":"category","embeddable":true,"href":"https:\/\/diarioregionaldigital.com.br\/index.php?rest_route=%2Fwp%2Fv2%2Fcategories&post=230757"},{"taxonomy":"post_tag","embeddable":true,"href":"https:\/\/diarioregionaldigital.com.br\/index.php?rest_route=%2Fwp%2Fv2%2Ftags&post=230757"}],"curies":[{"name":"wp","href":"https:\/\/api.w.org\/{rel}","templated":true}]}}