{"id":230754,"date":"2025-10-13T19:21:15","date_gmt":"2025-10-13T22:21:15","guid":{"rendered":"https:\/\/diarioregionaldigital.com.br\/?p=230754"},"modified":"2025-10-13T19:21:15","modified_gmt":"2025-10-13T22:21:15","slug":"festival-arte-e-cultura-da-juventude-movimenta-mercado-municipal-neste-sabado-18","status":"publish","type":"post","link":"https:\/\/diarioregionaldigital.com.br\/?p=230754","title":{"rendered":"Festival Arte e Cultura da Juventude movimenta Mercado Municipal neste s\u00e1bado, 18"},"content":{"rendered":"<p>Segundo informa\u00e7\u00f5es do site da Prefeitura de Juiz de Fora (PJF), o 2\u00ba Festival Arte e Cultura da Juventude acontece neste s\u00e1bado, 18, no Mercado Municipal, a partir das 13h. A iniciativa da Prefeitura de Juiz de Fora (PJF), por meio da Secretaria Especial de Direitos Humanos (SEDH), busca reconhecer e promover as manifesta\u00e7\u00f5es culturais e art\u00edsticas da juventude juiz-forana, fortalecendo a cultura de rua e as artes urbanas no munic\u00edpio.<\/p>\n<p>O concurso cultural premiar\u00e1 quatro categorias: Batalha de Poesia (Slam), Breaking, Skate e Ballroom \u2014 dividida nas modalidades Vogue Femme e Est\u00e9tica. Os tr\u00eas primeiros colocados de cada categoria receber\u00e3o pr\u00eamios em dinheiro, totalizando R$ 10 mil, al\u00e9m de certificados de participa\u00e7\u00e3o.<\/p>\n<p>De acordo com o assessor de Pol\u00edticas para a Juventude da SEDH, Felipe Souza, o festival \u00e9 um espa\u00e7o de valoriza\u00e7\u00e3o da pot\u00eancia criativa e da diversidade da juventude. \u201cMais do que um evento, \u00e9 um movimento que reconhece as express\u00f5es das periferias, da cultura de rua e das artes urbanas como formas leg\u00edtimas de ocupar e transformar a cidade. Queremos fortalecer esses talentos, abrir caminhos e garantir que a juventude tenha cada vez mais voz, vez e visibilidade\u201d.<\/p>\n<p><strong>Programa\u00e7\u00e3o \u2013 2\u00ba Festival Arte e Cultura da Juventude<\/strong><\/p>\n<p>13h \u2013 In\u00edcio<\/p>\n<p>13h30 \u2013 Breaking<\/p>\n<p>14h30 \u2013 Slam<\/p>\n<p>16h \u2013 Ballroom<\/p>\n<p>17h30 \u2013 Skate<\/p>\n<p>19h \u2013 Finais no palco da Pra\u00e7a Ant\u00f4nio Carlos<\/p>\n<p>Encerramento \u2013 Evento Jigaboo (25 anos) com PMC, DJ Dehco Wanlu e MC Suave. Participa\u00e7\u00f5es especiais: RT Mallone, Nalu Gonzaga, Espa\u00e7o Hip Hop, Pekena Lumen, PretoVivo e DJ Pedro Paiva<\/p>\n","protected":false},"excerpt":{"rendered":"<p>Segundo informa\u00e7\u00f5es do site da Prefeitura de Juiz de Fora (PJF), o 2\u00ba Festival Arte e Cultura da Juventude acontece neste s\u00e1bado, 18, no Mercado Municipal, a partir das 13h. A iniciativa da Prefeitura de Juiz de Fora (PJF), por meio da Secretaria Especial de Direitos Humanos (SEDH), busca reconhecer e promover as manifesta\u00e7\u00f5es culturais [&hellip;]<\/p>\n","protected":false},"author":246,"featured_media":230755,"comment_status":"closed","ping_status":"closed","sticky":false,"template":"","format":"standard","meta":{"footnotes":""},"categories":[253,436,440,439],"tags":[],"class_list":["post-230754","post","type-post","status-publish","format-standard","has-post-thumbnail","hentry","category-cidade","category-destaque-da-semana","category-destaques-do-dia","category-ultima-hora"],"_links":{"self":[{"href":"https:\/\/diarioregionaldigital.com.br\/index.php?rest_route=\/wp\/v2\/posts\/230754","targetHints":{"allow":["GET"]}}],"collection":[{"href":"https:\/\/diarioregionaldigital.com.br\/index.php?rest_route=\/wp\/v2\/posts"}],"about":[{"href":"https:\/\/diarioregionaldigital.com.br\/index.php?rest_route=\/wp\/v2\/types\/post"}],"author":[{"embeddable":true,"href":"https:\/\/diarioregionaldigital.com.br\/index.php?rest_route=\/wp\/v2\/users\/246"}],"replies":[{"embeddable":true,"href":"https:\/\/diarioregionaldigital.com.br\/index.php?rest_route=%2Fwp%2Fv2%2Fcomments&post=230754"}],"version-history":[{"count":1,"href":"https:\/\/diarioregionaldigital.com.br\/index.php?rest_route=\/wp\/v2\/posts\/230754\/revisions"}],"predecessor-version":[{"id":230756,"href":"https:\/\/diarioregionaldigital.com.br\/index.php?rest_route=\/wp\/v2\/posts\/230754\/revisions\/230756"}],"wp:featuredmedia":[{"embeddable":true,"href":"https:\/\/diarioregionaldigital.com.br\/index.php?rest_route=\/wp\/v2\/media\/230755"}],"wp:attachment":[{"href":"https:\/\/diarioregionaldigital.com.br\/index.php?rest_route=%2Fwp%2Fv2%2Fmedia&parent=230754"}],"wp:term":[{"taxonomy":"category","embeddable":true,"href":"https:\/\/diarioregionaldigital.com.br\/index.php?rest_route=%2Fwp%2Fv2%2Fcategories&post=230754"},{"taxonomy":"post_tag","embeddable":true,"href":"https:\/\/diarioregionaldigital.com.br\/index.php?rest_route=%2Fwp%2Fv2%2Ftags&post=230754"}],"curies":[{"name":"wp","href":"https:\/\/api.w.org\/{rel}","templated":true}]}}