{"id":230572,"date":"2025-09-29T19:39:32","date_gmt":"2025-09-29T22:39:32","guid":{"rendered":"https:\/\/diarioregionaldigital.com.br\/?p=230572"},"modified":"2025-09-29T19:39:32","modified_gmt":"2025-09-29T22:39:32","slug":"juiz-de-fora-cria-6-649-empregos-no-ano-e-atinge-novo-recorde-da-serie-historica-do-caged","status":"publish","type":"post","link":"https:\/\/diarioregionaldigital.com.br\/?p=230572","title":{"rendered":"Juiz de Fora cria 6.649 empregos no ano e atinge novo recorde da s\u00e9rie hist\u00f3rica do Caged"},"content":{"rendered":"<p style=\"text-align: left;\">Segundo informa\u00e7\u00f5es do site da Prefeitura de Juiz de Fora (PJF), Juiz de Fora gerou 6.649 postos de trabalho no acumulado at\u00e9 agosto deste ano. O saldo \u00e9 resultado da diferen\u00e7a entre 54.552 admiss\u00f5es e 47.903 desligamentos realizados no per\u00edodo, conforme o Cadastro Geral de Empregados e Desempregados (Caged), divulgado nesta segunda-feira, 29, pelo Minist\u00e9rio do Trabalho e Emprego (MTE).<\/p>\n<p>O saldo acumulado de 2025 representa um recorde para os oito primeiros meses do ano desde o in\u00edcio da s\u00e9rie hist\u00f3rica do Novo CAGED (iniciada em janeiro de 2020). Os saldos anteriores, no mesmo per\u00edodo, foram: -6.865 (2020), 4.750 (2021), 3.301 (2022), 2.743 (2023) e 6.577 (2024).<\/p>\n<p>A cidade criou, proporcionalmente, mais empregos que o pa\u00eds e o estado em 2025. O Estoque (total de v\u00ednculos celetistas) em Juiz de Fora cresceu 4,50%, Minas Gerais cresceu 3,12% e Brasil, 2,86%. Ao todo, existem 154.152 trabalhadores empregados formalmente na cidade.<\/p>\n<p>No ranking estadual, Juiz de Fora tamb\u00e9m se destaca como a segunda cidade que mais gerou empregos em Minas Gerais em 2025, atr\u00e1s apenas de Belo Horizonte (21.284 vagas). Na sequ\u00eancia aparecem Contagem (4.809), Betim (4.095) e Rio Parana\u00edba (3.426).<\/p>\n<p>O resultado de agosto apresentou aumento de 257 vagas. No mesmo m\u00eas do ano passado, 896 empregos formais foram criados.<\/p>\n<p>O setor que mais contribuiu para o resultado mensal foi o Com\u00e9rcio com saldo positivo de 270 empregos formais criados; seguido do Servi\u00e7os, 29; Agropecu\u00e1ria, com 7; Ind\u00fastria, -19 e Constru\u00e7\u00e3o, -30.<\/p>\n","protected":false},"excerpt":{"rendered":"<p>Segundo informa\u00e7\u00f5es do site da Prefeitura de Juiz de Fora (PJF), Juiz de Fora gerou 6.649 postos de trabalho no acumulado at\u00e9 agosto deste ano. O saldo \u00e9 resultado da diferen\u00e7a entre 54.552 admiss\u00f5es e 47.903 desligamentos realizados no per\u00edodo, conforme o Cadastro Geral de Empregados e Desempregados (Caged), divulgado nesta segunda-feira, 29, pelo Minist\u00e9rio [&hellip;]<\/p>\n","protected":false},"author":246,"featured_media":230573,"comment_status":"closed","ping_status":"closed","sticky":false,"template":"","format":"standard","meta":{"footnotes":""},"categories":[253,436,440,439],"tags":[],"class_list":["post-230572","post","type-post","status-publish","format-standard","has-post-thumbnail","hentry","category-cidade","category-destaque-da-semana","category-destaques-do-dia","category-ultima-hora"],"_links":{"self":[{"href":"https:\/\/diarioregionaldigital.com.br\/index.php?rest_route=\/wp\/v2\/posts\/230572","targetHints":{"allow":["GET"]}}],"collection":[{"href":"https:\/\/diarioregionaldigital.com.br\/index.php?rest_route=\/wp\/v2\/posts"}],"about":[{"href":"https:\/\/diarioregionaldigital.com.br\/index.php?rest_route=\/wp\/v2\/types\/post"}],"author":[{"embeddable":true,"href":"https:\/\/diarioregionaldigital.com.br\/index.php?rest_route=\/wp\/v2\/users\/246"}],"replies":[{"embeddable":true,"href":"https:\/\/diarioregionaldigital.com.br\/index.php?rest_route=%2Fwp%2Fv2%2Fcomments&post=230572"}],"version-history":[{"count":1,"href":"https:\/\/diarioregionaldigital.com.br\/index.php?rest_route=\/wp\/v2\/posts\/230572\/revisions"}],"predecessor-version":[{"id":230574,"href":"https:\/\/diarioregionaldigital.com.br\/index.php?rest_route=\/wp\/v2\/posts\/230572\/revisions\/230574"}],"wp:featuredmedia":[{"embeddable":true,"href":"https:\/\/diarioregionaldigital.com.br\/index.php?rest_route=\/wp\/v2\/media\/230573"}],"wp:attachment":[{"href":"https:\/\/diarioregionaldigital.com.br\/index.php?rest_route=%2Fwp%2Fv2%2Fmedia&parent=230572"}],"wp:term":[{"taxonomy":"category","embeddable":true,"href":"https:\/\/diarioregionaldigital.com.br\/index.php?rest_route=%2Fwp%2Fv2%2Fcategories&post=230572"},{"taxonomy":"post_tag","embeddable":true,"href":"https:\/\/diarioregionaldigital.com.br\/index.php?rest_route=%2Fwp%2Fv2%2Ftags&post=230572"}],"curies":[{"name":"wp","href":"https:\/\/api.w.org\/{rel}","templated":true}]}}