{"id":230563,"date":"2025-09-29T19:33:37","date_gmt":"2025-09-29T22:33:37","guid":{"rendered":"https:\/\/diarioregionaldigital.com.br\/?p=230563"},"modified":"2025-09-29T19:33:37","modified_gmt":"2025-09-29T22:33:37","slug":"com-mais-de-1-milhao-de-empregos-desde-2019-minas-gerais-mantem-saldo-positivo-de-152-mil-postos-de-trabalho-criados-neste-ano","status":"publish","type":"post","link":"https:\/\/diarioregionaldigital.com.br\/?p=230563","title":{"rendered":"Com mais de 1 milh\u00e3o de empregos desde 2019, Minas Gerais mant\u00e9m saldo positivo de 152 mil postos de trabalho criados neste ano"},"content":{"rendered":"<p>Minas Gerais confirma mais uma vez sua for\u00e7a no mercado de trabalho nacional e j\u00e1 contabiliza 152.968 empregos com carteira assinada criados em 2025. Os dados do Novo Cadastro Geral de Empregados e Desempregados (Novo Caged), divulgados nesta segunda-feira (29\/9), mostram que o estado registrou 1.214 novos postos de trabalho somente em agosto.<\/p>\n<p>O saldo positivo de agosto \u00e9 fruto de 233.144 admiss\u00f5es contra 231.930 desligamentos. Com o resultado, Minas alcan\u00e7a uma trajet\u00f3ria positiva de oito meses consecutivos de crescimento na gera\u00e7\u00e3o de empregos e se mant\u00e9m na segunda coloca\u00e7\u00e3o como maior empregador do pa\u00eds em 2025.<\/p>\n<p>Desde 2019,\u00a0<a id=\"OWA77f5882d-6c53-cf12-22a7-be1c43668a90\" title=\"https:\/\/www.agenciaminas.mg.gov.br\/noticia\/minas-gerais-ultrapassa-marca-historica-de-1-milhao-de-empregos-formais-criados-desde-2019\" href=\"https:\/\/www.agenciaminas.mg.gov.br\/noticia\/minas-gerais-ultrapassa-marca-historica-de-1-milhao-de-empregos-formais-criados-desde-2019\" target=\"_blank\" rel=\"noopener noreferrer\" data-auth=\"NotApplicable\" data-linkindex=\"1\">o estado j\u00e1 acumula mais de 1 milh\u00e3o de vagas criadas<\/a>, resultado da efetividade das pol\u00edticas p\u00fablicas implementadas pelo\u00a0<a id=\"OWA18fd49fc-2510-82e9-a512-027c867819f3\" title=\"https:\/\/www.mg.gov.br\/\" href=\"https:\/\/www.mg.gov.br\/\" target=\"_blank\" rel=\"noopener noreferrer\" data-auth=\"NotApplicable\" data-linkindex=\"2\">Governo de Minas<\/a>.<\/p>\n<p>O governador Romeu Zema destaca que os resultados s\u00e3o fruto de uma estrat\u00e9gia abrangente que combina moderniza\u00e7\u00e3o da m\u00e1quina p\u00fablica e atra\u00e7\u00e3o de investimentos, o que resulta na abertura de postos de trabalho.<\/p>\n<table border=\"0\" cellspacing=\"1\" cellpadding=\"1\" align=\"center\">\n<tbody>\n<tr>\n<td colspan=\"5\"><img decoding=\"async\" src=\"https:\/\/www.agenciaminas.mg.gov.br\/ckeditor_assets\/pictures\/20949\/content_2_olho_topo.jpg\" alt=\"\" \/><\/td>\n<\/tr>\n<tr>\n<td><\/td>\n<td colspan=\"3\" rowspan=\"3\">\n<h1><strong>&#8220;Minas prospera porque implementamos uma pol\u00edtica s\u00e9ria de desburocratiza\u00e7\u00e3o, intensificamos a atra\u00e7\u00e3o de investimentos e ampliamos a oferta de cursos para qualificar a m\u00e3o de obra mineira. Esses tr\u00eas pilares trabalham juntos para criar um ambiente favor\u00e1vel aos neg\u00f3cios e as oportunidades de trabalho. O resultado est\u00e1 a\u00ed: mais mineiros empregados e fam\u00edlias com perspectiva de futuro melhor&#8221;, afirma o governador.<\/strong><\/h1>\n<\/td>\n<td><\/td>\n<\/tr>\n<tr>\n<td><\/td>\n<td><\/td>\n<\/tr>\n<tr>\n<td><\/td>\n<td><\/td>\n<\/tr>\n<tr>\n<td colspan=\"5\"><img decoding=\"async\" src=\"https:\/\/www.agenciaminas.mg.gov.br\/ckeditor_assets\/pictures\/20950\/content_2_olho_inferior.jpg\" alt=\"\" \/><\/td>\n<\/tr>\n<\/tbody>\n<\/table>\n<p>A secret\u00e1ria de\u00a0<u><a id=\"OWA2dd497b5-8747-bfbd-ef3f-cce4904eee3c\" title=\"https:\/\/social.mg.gov.br\/\" href=\"https:\/\/social.mg.gov.br\/\" target=\"_blank\" rel=\"noopener noreferrer\" data-auth=\"NotApplicable\" data-linkindex=\"3\">Estado de Desenvolvimento Social<\/a><\/u>, Al\u00ea Portela, enfatiza o papel fundamental dos programas de qualifica\u00e7\u00e3o profissional na conquista desses n\u00fameros expressivos.<\/p>\n<p>&#8220;Os investimentos do Governo de Minas para qualifica\u00e7\u00e3o profissional foram fundamentais para os n\u00fameros positivos dos \u00faltimos anos. Criamos uma rede robusta de capacita\u00e7\u00e3o que conecta as demandas do mercado com o perfil dos trabalhadores mineiros. Isso n\u00e3o apenas gera emprego, mas constr\u00f3i uma base s\u00f3lida para o desenvolvimento social e econ\u00f4mico&#8221;, avalia a secret\u00e1ria.<\/p>\n<p><b>Diversifica\u00e7\u00e3o econ\u00f4mica impulsiona resultados<\/b><\/p>\n<p>O setor de Servi\u00e7os liderou a cria\u00e7\u00e3o de vagas com 7.455 postos, seguido por Com\u00e9rcio (3.335) e Ind\u00fastria (1.264). J\u00e1 os setores de Agropecu\u00e1ria e Constru\u00e7\u00e3o apresentaram fechamento de vagas, com 9.972 e 844 demiss\u00f5es, respectivamente.<\/p>\n<p>Mesmo com alguns setores registrando o fechamento de vagas, a diversifica\u00e7\u00e3o da economia mineira \u00e9 um fator determinante para a estabilidade na cria\u00e7\u00e3o de empregos, como afirma a diretora de Monitoramento e Articula\u00e7\u00e3o de Oportunidades de Trabalho da Sedese, Amanda Carvalho.<\/p>\n<p>\u201cA gera\u00e7\u00e3o de empregos em\u00a0Minas reafirma o desempenho positivo e sustent\u00e1vel do estado. Esse cen\u00e1rio foi impulsionado pelo setor de servi\u00e7os e os fatores que contribuem para isso s\u00e3o a ampla diversidade das atividades ligadas ao setor, como servi\u00e7os administrativos, educa\u00e7\u00e3o, sa\u00fade, transporte e log\u00edstica, que acabam tendo um peso maior na gera\u00e7\u00e3o de empregos\u201d, avalia Amanda.<\/p>\n<p>No acumulado de 2025, todos os principais segmentos econ\u00f4micos registraram crescimento, com destaque para Servi\u00e7os, respons\u00e1vel por 64.502 novas vagas, seguido de Ind\u00fastria (30.035), Agropecu\u00e1ria (27.519), Constru\u00e7\u00e3o (19.810) e Com\u00e9rcio (11.116).<\/p>\n<p><b>Estoque de empregos consolida lideran\u00e7a<\/b><\/p>\n<p>Entre janeiro e o \u00faltimo m\u00eas analisado de 2025, Minas Gerais mant\u00e9m um estoque de mais de 5 milh\u00f5es de pessoas empregadas no regime celetista, consolidando o estado como o segundo maior empregador do pa\u00eds, superado apenas por S\u00e3o Paulo. Esse estoque representa o total de trabalhadores com carteira assinada em atividade, incluindo setores p\u00fablico e privado.<\/p>\n<p>&nbsp;<\/p>\n<p>Fonte: Ag\u00eancia Minas<\/p>\n","protected":false},"excerpt":{"rendered":"<p>Minas Gerais confirma mais uma vez sua for\u00e7a no mercado de trabalho nacional e j\u00e1 contabiliza 152.968 empregos com carteira assinada criados em 2025. Os dados do Novo Cadastro Geral de Empregados e Desempregados (Novo Caged), divulgados nesta segunda-feira (29\/9), mostram que o estado registrou 1.214 novos postos de trabalho somente em agosto. O saldo [&hellip;]<\/p>\n","protected":false},"author":246,"featured_media":230564,"comment_status":"closed","ping_status":"closed","sticky":false,"template":"","format":"standard","meta":{"footnotes":""},"categories":[436,440,261,254,439],"tags":[],"class_list":["post-230563","post","type-post","status-publish","format-standard","has-post-thumbnail","hentry","category-destaque-da-semana","category-destaques-do-dia","category-economia","category-politica","category-ultima-hora"],"_links":{"self":[{"href":"https:\/\/diarioregionaldigital.com.br\/index.php?rest_route=\/wp\/v2\/posts\/230563","targetHints":{"allow":["GET"]}}],"collection":[{"href":"https:\/\/diarioregionaldigital.com.br\/index.php?rest_route=\/wp\/v2\/posts"}],"about":[{"href":"https:\/\/diarioregionaldigital.com.br\/index.php?rest_route=\/wp\/v2\/types\/post"}],"author":[{"embeddable":true,"href":"https:\/\/diarioregionaldigital.com.br\/index.php?rest_route=\/wp\/v2\/users\/246"}],"replies":[{"embeddable":true,"href":"https:\/\/diarioregionaldigital.com.br\/index.php?rest_route=%2Fwp%2Fv2%2Fcomments&post=230563"}],"version-history":[{"count":1,"href":"https:\/\/diarioregionaldigital.com.br\/index.php?rest_route=\/wp\/v2\/posts\/230563\/revisions"}],"predecessor-version":[{"id":230565,"href":"https:\/\/diarioregionaldigital.com.br\/index.php?rest_route=\/wp\/v2\/posts\/230563\/revisions\/230565"}],"wp:featuredmedia":[{"embeddable":true,"href":"https:\/\/diarioregionaldigital.com.br\/index.php?rest_route=\/wp\/v2\/media\/230564"}],"wp:attachment":[{"href":"https:\/\/diarioregionaldigital.com.br\/index.php?rest_route=%2Fwp%2Fv2%2Fmedia&parent=230563"}],"wp:term":[{"taxonomy":"category","embeddable":true,"href":"https:\/\/diarioregionaldigital.com.br\/index.php?rest_route=%2Fwp%2Fv2%2Fcategories&post=230563"},{"taxonomy":"post_tag","embeddable":true,"href":"https:\/\/diarioregionaldigital.com.br\/index.php?rest_route=%2Fwp%2Fv2%2Ftags&post=230563"}],"curies":[{"name":"wp","href":"https:\/\/api.w.org\/{rel}","templated":true}]}}