{"id":230552,"date":"2025-09-26T17:53:00","date_gmt":"2025-09-26T20:53:00","guid":{"rendered":"https:\/\/diarioregionaldigital.com.br\/?p=230552"},"modified":"2025-09-26T17:53:00","modified_gmt":"2025-09-26T20:53:00","slug":"campanha-juiz-de-fora-solidaria-no-frio-ganha-mais-um-ponto-de-arrecadacao-no-mercado-municipal","status":"publish","type":"post","link":"https:\/\/diarioregionaldigital.com.br\/?p=230552","title":{"rendered":"Campanha \u201cJuiz de Fora Solid\u00e1ria no Frio\u201d ganha mais um ponto de arrecada\u00e7\u00e3o no Mercado Municipal"},"content":{"rendered":"<p>Segundo informa\u00e7\u00f5es do site da Prefeitura de Juiz de Fora (PJF), a campanha \u201cJuiz de Fora Solid\u00e1ria no Frio\u201d, coordenada pela Secretaria Especial de Direitos Humanos (SEDH), foi refor\u00e7ada ap\u00f3s o alerta de onda de frio vigente at\u00e9 \u00e0s 9h do dia 30 de setembro. Como parte do refor\u00e7o, o Mercado Municipal tamb\u00e9m passa a integrar os mais de dez pontos de arrecada\u00e7\u00e3o.<\/p>\n<p>Essa intensifica\u00e7\u00e3o \u00e9 essencial para garantir a\u00e7\u00f5es de prote\u00e7\u00e3o social voltadas \u00e0 popula\u00e7\u00e3o mais vulner\u00e1vel, previstas no Plano de Conting\u00eancia de Baixas Temperaturas, como \u00e9 o caso da busca ativa na entrega de cobertores durante a onda de frio. Essa mobiliza\u00e7\u00e3o vai acontecer mais uma vez neste final de semana, coordenada pela\u00a0 Secretaria de Assist\u00eancia Social (SAS), com o apoio da Defesa Civil, da Secretaria Desenvolvimento Urbano com Participa\u00e7\u00e3o Popular (Sedupp); da Secretaria Especial de Direitos Humanos (SEDH); da\u00a0 Secretaria de Meio Ambiente e Mudan\u00e7as Clim\u00e1ticas.<\/p>\n<p><strong>Confira onde fazer a doa\u00e7\u00e3o:<\/strong><\/p>\n<p>Pr\u00e9dio-sede da PJF &#8211; Avenida Brasil, 2001, Centro;<\/p>\n<p>Casa da Mulher &#8211; Avenida Garibaldi Campinhos, 169, Bairro Vitorino Braga;<\/p>\n<p>Restaurantes Populares<\/p>\n<p>Secretaria de Igualdade Racial &#8211; Pa\u00e7o Municipal &#8211; Esquina da Rua Halfeld com a Avenida Rio Branco;<\/p>\n<p>Parque da Lajinha &#8211; Av. Deusdedith Salgado &#8211; Teixeiras;<\/p>\n<p>Pam Marechal &#8211; Rua Marechal Deodoro, 496, Centro;<\/p>\n<p>Mercado Municipal &#8211; Av. Get\u00falio Vargas, 188 &#8211; Centro.<\/p>\n<p>TODAS as unidades do Diga:<\/p>\n<p>DIGA | Centro<br \/>\nAvenida Bar\u00e3o do Rio Branco, 1843 (2\u00b0 andar);<br \/>\nProcon &#8211; Avenida Presidente Itamar Franco, 992<\/p>\n<p>DIGA | Sul<br \/>\nRua Porto das Flores, 276 &#8211; Santa Luzia<\/p>\n<p>DIGA | Centro\/ Sul<br \/>\nRua S\u00e3o Mateus, 300 &#8211; S\u00e3o Mateus<\/p>\n<p>DIGA | Norte<br \/>\nAvenida Presidente Juscelino Kubitschek, 900<br \/>\n(Loja 14) &#8211; Francisco Bernardino;<br \/>\nPra\u00e7a Coronel Jeremias Garcia &#8211; Benfica;<\/p>\n<p>DIGA | Nordeste<br \/>\nAvenida Rui Barbosa, 530 &#8211; Santa Terezinha<\/p>\n<p>DIGA | Oeste<br \/>\nAvenida Presidente Costa e Silva, 2066 &#8211; S\u00e3o Pedro<\/p>\n","protected":false},"excerpt":{"rendered":"<p>Segundo informa\u00e7\u00f5es do site da Prefeitura de Juiz de Fora (PJF), a campanha \u201cJuiz de Fora Solid\u00e1ria no Frio\u201d, coordenada pela Secretaria Especial de Direitos Humanos (SEDH), foi refor\u00e7ada ap\u00f3s o alerta de onda de frio vigente at\u00e9 \u00e0s 9h do dia 30 de setembro. Como parte do refor\u00e7o, o Mercado Municipal tamb\u00e9m passa a [&hellip;]<\/p>\n","protected":false},"author":246,"featured_media":230553,"comment_status":"closed","ping_status":"closed","sticky":false,"template":"","format":"standard","meta":{"footnotes":""},"categories":[253,436,440,439],"tags":[],"class_list":["post-230552","post","type-post","status-publish","format-standard","has-post-thumbnail","hentry","category-cidade","category-destaque-da-semana","category-destaques-do-dia","category-ultima-hora"],"_links":{"self":[{"href":"https:\/\/diarioregionaldigital.com.br\/index.php?rest_route=\/wp\/v2\/posts\/230552","targetHints":{"allow":["GET"]}}],"collection":[{"href":"https:\/\/diarioregionaldigital.com.br\/index.php?rest_route=\/wp\/v2\/posts"}],"about":[{"href":"https:\/\/diarioregionaldigital.com.br\/index.php?rest_route=\/wp\/v2\/types\/post"}],"author":[{"embeddable":true,"href":"https:\/\/diarioregionaldigital.com.br\/index.php?rest_route=\/wp\/v2\/users\/246"}],"replies":[{"embeddable":true,"href":"https:\/\/diarioregionaldigital.com.br\/index.php?rest_route=%2Fwp%2Fv2%2Fcomments&post=230552"}],"version-history":[{"count":2,"href":"https:\/\/diarioregionaldigital.com.br\/index.php?rest_route=\/wp\/v2\/posts\/230552\/revisions"}],"predecessor-version":[{"id":230555,"href":"https:\/\/diarioregionaldigital.com.br\/index.php?rest_route=\/wp\/v2\/posts\/230552\/revisions\/230555"}],"wp:featuredmedia":[{"embeddable":true,"href":"https:\/\/diarioregionaldigital.com.br\/index.php?rest_route=\/wp\/v2\/media\/230553"}],"wp:attachment":[{"href":"https:\/\/diarioregionaldigital.com.br\/index.php?rest_route=%2Fwp%2Fv2%2Fmedia&parent=230552"}],"wp:term":[{"taxonomy":"category","embeddable":true,"href":"https:\/\/diarioregionaldigital.com.br\/index.php?rest_route=%2Fwp%2Fv2%2Fcategories&post=230552"},{"taxonomy":"post_tag","embeddable":true,"href":"https:\/\/diarioregionaldigital.com.br\/index.php?rest_route=%2Fwp%2Fv2%2Ftags&post=230552"}],"curies":[{"name":"wp","href":"https:\/\/api.w.org\/{rel}","templated":true}]}}