{"id":230390,"date":"2025-09-17T21:40:52","date_gmt":"2025-09-18T00:40:52","guid":{"rendered":"https:\/\/diarioregionaldigital.com.br\/?p=230390"},"modified":"2025-09-17T21:40:52","modified_gmt":"2025-09-18T00:40:52","slug":"cras-nordeste-promove-acao-com-familias-beneficiarias-do-auxilio-natalidade","status":"publish","type":"post","link":"https:\/\/diarioregionaldigital.com.br\/?p=230390","title":{"rendered":"CRAS Nordeste promove a\u00e7\u00e3o com fam\u00edlias benefici\u00e1rias do aux\u00edlio-natalidade"},"content":{"rendered":"<p>Segundo informa\u00e7\u00f5es do site da Prefeitura de Juiz de Fora (PJF), o Centro de Refer\u00eancia de Assist\u00eancia Social (CRAS) Nordeste, no bairro Grama, realizou nesta quarta-feira, 17, uma atividade voltada \u00e0s fam\u00edlias atendidas pela unidade que recebem o benef\u00edcio eventual de aux\u00edlio-natalidade. A programa\u00e7\u00e3o contou com a participa\u00e7\u00e3o da doula e consultora em amamenta\u00e7\u00e3o, Paula Gomes, que conduziu uma roda de conversa sobre os desafios da maternidade, a import\u00e2ncia da rede de apoio e as cobran\u00e7as comuns dessa fase da vida.<\/p>\n<div id=\"box_texto_noticia\">\n<p><strong>Fortalecimento de v\u00ednculos<\/strong><\/p>\n<p>A iniciativa teve como foco o fortalecimento da fun\u00e7\u00e3o protetiva da fam\u00edlia, com aten\u00e7\u00e3o especial ao cuidado com o cuidador. De acordo com as t\u00e9cnicas do CRAS Nordeste, Dayana Ant\u00e3o e Rosana Silva, respons\u00e1veis pela a\u00e7\u00e3o, atividades como essa integram o trabalho social desenvolvido com fam\u00edlias.\u00a0\u201cS\u00e3o momentos de escuta, troca e acolhimento que fortalecem os v\u00ednculos familiares\u201d, destacam.<\/p>\n<p><strong>Sobre o benef\u00edcio<\/strong><\/p>\n<p>O aux\u00edlio-natalidade \u00e9 concedido para fam\u00edlias:\u00a0com renda per capita de at\u00e9 meio sal\u00e1rio m\u00ednimo;\u00a0inscritas no Cadastro \u00danico;\u00a0e com resid\u00eancia m\u00ednima de seis meses no munic\u00edpio.\u00a0O benef\u00edcio \u00e9 pago em parcela \u00fanica, no valor de meio sal\u00e1rio m\u00ednimo, para auxiliar nas despesas relacionadas \u00e0s necessidades b\u00e1sicas do rec\u00e9m-nascido.<br \/>\nEle tamb\u00e9m pode ser destinado\u00a0\u00e0 m\u00e3e, em caso de beb\u00ea natimorto ou morte do beb\u00ea;\u00a0ou \u00e0 fam\u00edlia, em caso de falecimento da m\u00e3e.<\/p>\n<p><strong>Servi\u00e7o<\/strong><\/p>\n<p>CRAS Nordeste \u2013 Pra\u00e7a \u00c1ureo Gomes Carneiro, s\/n\u00ba, bairro Grama<br \/>\nFuncionamento \u2013 segunda a sexta-feira, das 7h \u00e0s 18h<br \/>\nTelefone \u2013 (32) 3690-8620<\/p>\n<\/div>\n<p>&nbsp;<\/p>\n","protected":false},"excerpt":{"rendered":"<p>Segundo informa\u00e7\u00f5es do site da Prefeitura de Juiz de Fora (PJF), o Centro de Refer\u00eancia de Assist\u00eancia Social (CRAS) Nordeste, no bairro Grama, realizou nesta quarta-feira, 17, uma atividade voltada \u00e0s fam\u00edlias atendidas pela unidade que recebem o benef\u00edcio eventual de aux\u00edlio-natalidade. A programa\u00e7\u00e3o contou com a participa\u00e7\u00e3o da doula e consultora em amamenta\u00e7\u00e3o, Paula [&hellip;]<\/p>\n","protected":false},"author":246,"featured_media":230391,"comment_status":"closed","ping_status":"closed","sticky":false,"template":"","format":"standard","meta":{"footnotes":""},"categories":[253,436,440,439],"tags":[],"class_list":["post-230390","post","type-post","status-publish","format-standard","has-post-thumbnail","hentry","category-cidade","category-destaque-da-semana","category-destaques-do-dia","category-ultima-hora"],"_links":{"self":[{"href":"https:\/\/diarioregionaldigital.com.br\/index.php?rest_route=\/wp\/v2\/posts\/230390","targetHints":{"allow":["GET"]}}],"collection":[{"href":"https:\/\/diarioregionaldigital.com.br\/index.php?rest_route=\/wp\/v2\/posts"}],"about":[{"href":"https:\/\/diarioregionaldigital.com.br\/index.php?rest_route=\/wp\/v2\/types\/post"}],"author":[{"embeddable":true,"href":"https:\/\/diarioregionaldigital.com.br\/index.php?rest_route=\/wp\/v2\/users\/246"}],"replies":[{"embeddable":true,"href":"https:\/\/diarioregionaldigital.com.br\/index.php?rest_route=%2Fwp%2Fv2%2Fcomments&post=230390"}],"version-history":[{"count":1,"href":"https:\/\/diarioregionaldigital.com.br\/index.php?rest_route=\/wp\/v2\/posts\/230390\/revisions"}],"predecessor-version":[{"id":230392,"href":"https:\/\/diarioregionaldigital.com.br\/index.php?rest_route=\/wp\/v2\/posts\/230390\/revisions\/230392"}],"wp:featuredmedia":[{"embeddable":true,"href":"https:\/\/diarioregionaldigital.com.br\/index.php?rest_route=\/wp\/v2\/media\/230391"}],"wp:attachment":[{"href":"https:\/\/diarioregionaldigital.com.br\/index.php?rest_route=%2Fwp%2Fv2%2Fmedia&parent=230390"}],"wp:term":[{"taxonomy":"category","embeddable":true,"href":"https:\/\/diarioregionaldigital.com.br\/index.php?rest_route=%2Fwp%2Fv2%2Fcategories&post=230390"},{"taxonomy":"post_tag","embeddable":true,"href":"https:\/\/diarioregionaldigital.com.br\/index.php?rest_route=%2Fwp%2Fv2%2Ftags&post=230390"}],"curies":[{"name":"wp","href":"https:\/\/api.w.org\/{rel}","templated":true}]}}