{"id":230130,"date":"2025-09-02T19:40:00","date_gmt":"2025-09-02T22:40:00","guid":{"rendered":"https:\/\/diarioregionaldigital.com.br\/?p=230130"},"modified":"2025-09-02T19:40:00","modified_gmt":"2025-09-02T22:40:00","slug":"trilhas-do-conhecimento-em-direitos-humanos-promove-capacitacao-com-educadores-sociais-e-conselheiros-tutelares","status":"publish","type":"post","link":"https:\/\/diarioregionaldigital.com.br\/?p=230130","title":{"rendered":"Trilhas do Conhecimento em Direitos Humanos promove capacita\u00e7\u00e3o com educadores sociais e Conselheiros Tutelares"},"content":{"rendered":"<p>Segundo informa\u00e7\u00f5es do site da Prefeitura de Juiz de Fora (PJF), o\u00a0Departamento de Forma\u00e7\u00e3o e Educa\u00e7\u00e3o Permanente em Direitos Humanos, vinculado \u00e0 Secretaria Especial de Direitos Humanos (SEDH), iniciou, no m\u00eas de julho, uma s\u00e9rie de capacita\u00e7\u00f5es voltadas para educadores sociais dos servi\u00e7os de acolhimento institucional de crian\u00e7as e adolescentes, al\u00e9m de Conselheiros Tutelares.<\/p>\n<p>A iniciativa integra o projeto \u201cTrilhas do Conhecimento em Direitos Humanos\u201d e, nesta edi\u00e7\u00e3o, conta com a parceria da Secretaria de Assist\u00eancia Social (SAS). Os encontros, realizados mensalmente na Casa dos Conselhos, seguem at\u00e9 outubro e abordam temas centrais para a defesa de direitos, como inf\u00e2ncia e juventude, pessoas com defici\u00eancia, popula\u00e7\u00e3o LGBTQIA+, direitos das mulheres, igualdade racial e diversidade religiosa.<\/p>\n<p>Na manh\u00e3 desta ter\u00e7a-feira, 2, a coordenadora do Comit\u00ea Municipal de Respeito \u00e0 Diversidade Religiosa, Fl\u00e1via Beghini, e a Secret\u00e1ria Especial de Igualdade Racial, Giane Elisa, conduziram o debate do dia. Para Beghini, trata-se de um p\u00fablico que precisa estar atualizado com as duas pautas trabalhadas na forma\u00e7\u00e3o. &#8220;A cor da pele e a religi\u00e3o podem ser determinantes no tipo de vida desses indiv\u00edduos, afetando aspectos sociais e emocionais de crian\u00e7as e adolescentes&#8221;.<\/p>\n<p>J\u00e1 a secretaria especial de igualdade racial destacou que foi poss\u00edvel construir coletivamente saberes fundamentais sobre diversidade religiosa e rela\u00e7\u00f5es raciais. S\u00e3o dois temas insepar\u00e1veis e indispens\u00e1veis para compreendermos os desafios que enfrentamos na sociedade. A parceria entre a SEDH e a SEIR fortalece ainda mais esse movimento de defesa e promo\u00e7\u00e3o dos direitos humanos&#8221;.<\/p>\n<p>O projeto reafirma o compromisso da Prefeitura em investir na forma\u00e7\u00e3o continuada de profissionais que atuam diretamente na prote\u00e7\u00e3o e garantia de direitos, contribuindo para uma rede mais qualificada e sens\u00edvel \u00e0s m\u00faltiplas realidades sociais.<\/p>\n<p><strong>Como participar dos cursos<\/strong><\/p>\n<p>O Departamento de Forma\u00e7\u00e3o e Educa\u00e7\u00e3o Permanente em Direitos Humanos oferece cursos gratuitos para quem quer se aprofundar em direitos humanos, cidadania e democracia. As capacita\u00e7\u00f5es acontecem nas modalidades: presencial, semipresencial e on-line. Grupos, escolas e empresas tamb\u00e9m podem solicitar essas forma\u00e7\u00f5es. O contato \u00e9 3690-7331.<\/p>\n","protected":false},"excerpt":{"rendered":"<p>Segundo informa\u00e7\u00f5es do site da Prefeitura de Juiz de Fora (PJF), o\u00a0Departamento de Forma\u00e7\u00e3o e Educa\u00e7\u00e3o Permanente em Direitos Humanos, vinculado \u00e0 Secretaria Especial de Direitos Humanos (SEDH), iniciou, no m\u00eas de julho, uma s\u00e9rie de capacita\u00e7\u00f5es voltadas para educadores sociais dos servi\u00e7os de acolhimento institucional de crian\u00e7as e adolescentes, al\u00e9m de Conselheiros Tutelares. A [&hellip;]<\/p>\n","protected":false},"author":246,"featured_media":230131,"comment_status":"closed","ping_status":"closed","sticky":false,"template":"","format":"standard","meta":{"footnotes":""},"categories":[253,436,439],"tags":[],"class_list":["post-230130","post","type-post","status-publish","format-standard","has-post-thumbnail","hentry","category-cidade","category-destaque-da-semana","category-ultima-hora"],"_links":{"self":[{"href":"https:\/\/diarioregionaldigital.com.br\/index.php?rest_route=\/wp\/v2\/posts\/230130","targetHints":{"allow":["GET"]}}],"collection":[{"href":"https:\/\/diarioregionaldigital.com.br\/index.php?rest_route=\/wp\/v2\/posts"}],"about":[{"href":"https:\/\/diarioregionaldigital.com.br\/index.php?rest_route=\/wp\/v2\/types\/post"}],"author":[{"embeddable":true,"href":"https:\/\/diarioregionaldigital.com.br\/index.php?rest_route=\/wp\/v2\/users\/246"}],"replies":[{"embeddable":true,"href":"https:\/\/diarioregionaldigital.com.br\/index.php?rest_route=%2Fwp%2Fv2%2Fcomments&post=230130"}],"version-history":[{"count":1,"href":"https:\/\/diarioregionaldigital.com.br\/index.php?rest_route=\/wp\/v2\/posts\/230130\/revisions"}],"predecessor-version":[{"id":230132,"href":"https:\/\/diarioregionaldigital.com.br\/index.php?rest_route=\/wp\/v2\/posts\/230130\/revisions\/230132"}],"wp:featuredmedia":[{"embeddable":true,"href":"https:\/\/diarioregionaldigital.com.br\/index.php?rest_route=\/wp\/v2\/media\/230131"}],"wp:attachment":[{"href":"https:\/\/diarioregionaldigital.com.br\/index.php?rest_route=%2Fwp%2Fv2%2Fmedia&parent=230130"}],"wp:term":[{"taxonomy":"category","embeddable":true,"href":"https:\/\/diarioregionaldigital.com.br\/index.php?rest_route=%2Fwp%2Fv2%2Fcategories&post=230130"},{"taxonomy":"post_tag","embeddable":true,"href":"https:\/\/diarioregionaldigital.com.br\/index.php?rest_route=%2Fwp%2Fv2%2Ftags&post=230130"}],"curies":[{"name":"wp","href":"https:\/\/api.w.org\/{rel}","templated":true}]}}