{"id":230083,"date":"2025-08-29T17:30:24","date_gmt":"2025-08-29T20:30:24","guid":{"rendered":"https:\/\/diarioregionaldigital.com.br\/?p=230083"},"modified":"2025-08-29T17:30:24","modified_gmt":"2025-08-29T20:30:24","slug":"margarida-salomao-participa-de-audiencia-sobre-linhas-de-credito-do-bndes-para-empresas-afetadas-por-tarifas-americanas","status":"publish","type":"post","link":"https:\/\/diarioregionaldigital.com.br\/?p=230083","title":{"rendered":"Margarida Salom\u00e3o participa de audi\u00eancia sobre linhas de cr\u00e9dito do BNDES para empresas afetadas por tarifas americanas"},"content":{"rendered":"<p>Segundo informa\u00e7\u00f5es do site da Prefeitura de Juiz de Fora (PJF), a\u00a0prefeita de Juiz de Fora e secret\u00e1ria-geral da Frente Nacional de Prefeitos (FNP), Margarida Salom\u00e3o, participou nesta quinta-feira (28) de uma audi\u00eancia com o presidente do Banco Nacional de Desenvolvimento Econ\u00f4mico e Social (BNDES), Aloizio Mercadante, na sede da institui\u00e7\u00e3o, no Centro do Rio de Janeiro.<\/p>\n<p>Durante o encontro, o BNDES anunciou que, a partir de 8 de setembro, disponibilizar\u00e1 linhas de cr\u00e9dito facilitado de aproximadamente R$ 40 bilh\u00f5es para empresas impactadas pelas tarifas de 50% aplicadas pelo governo dos Estados Unidos sobre produtos brasileiros.<\/p>\n<p>\u201cO presidente Mercadante apresentou uma s\u00e9rie de solu\u00e7\u00f5es para os setores industrial e agr\u00edcola, especialmente para produtos perec\u00edveis. Ser\u00e3o R$ 30 bilh\u00f5es destinados a empresas que comprovarem perdas em seu faturamento em fun\u00e7\u00e3o do chamado \u2018tarifa\u00e7o\u2019. Al\u00e9m disso, haver\u00e1 uma linha de cr\u00e9dito adicional de R$ 10 bilh\u00f5es para empresas que busquem diversifica\u00e7\u00e3o de mercado, investindo em tecnologia, plantas industriais e equipamentos\u201d, destacou a prefeita.<\/p>\n<p>Margarida Salom\u00e3o tamb\u00e9m ressaltou que o governo brasileiro oferecer\u00e1 garantias para os empr\u00e9stimos banc\u00e1rios tomados por empresas em dificuldade devido \u00e0s tarifas, incluindo a possibilidade de adiamento dos pagamentos. \u201cTrata-se de uma inje\u00e7\u00e3o de recursos em um momento de grande dificuldade. Nossa expectativa \u00e9 que essas medidas ajudem a assegurar nossa soberania e a promover avan\u00e7os, independentemente das a\u00e7\u00f5es agressivas e unilaterais dos Estados Unidos\u201d, afirmou.<\/p>\n<p>A apresenta\u00e7\u00e3o do presidente do BNDES est\u00e1 dispon\u00edvel em anexo.<\/p>\n<p><img loading=\"lazy\" decoding=\"async\" src=\"https:\/\/www.pjf.mg.gov.br\/imagens\/clips.jpg\" width=\"22\" height=\"20\" \/>\u00a0<a href=\"https:\/\/www.pjf.mg.gov.br\/noticias\/anexo\/EntrevistaColetiva-BrasilSoberano-FNP.pptx.PD.pdf\" target=\"_blank\" rel=\"noopener\">Veja o anexo<\/a><\/p>\n<p>&nbsp;<\/p>\n","protected":false},"excerpt":{"rendered":"<p>Segundo informa\u00e7\u00f5es do site da Prefeitura de Juiz de Fora (PJF), a\u00a0prefeita de Juiz de Fora e secret\u00e1ria-geral da Frente Nacional de Prefeitos (FNP), Margarida Salom\u00e3o, participou nesta quinta-feira (28) de uma audi\u00eancia com o presidente do Banco Nacional de Desenvolvimento Econ\u00f4mico e Social (BNDES), Aloizio Mercadante, na sede da institui\u00e7\u00e3o, no Centro do Rio [&hellip;]<\/p>\n","protected":false},"author":246,"featured_media":230084,"comment_status":"closed","ping_status":"closed","sticky":false,"template":"","format":"standard","meta":{"footnotes":""},"categories":[253,436,440,439],"tags":[],"class_list":["post-230083","post","type-post","status-publish","format-standard","has-post-thumbnail","hentry","category-cidade","category-destaque-da-semana","category-destaques-do-dia","category-ultima-hora"],"_links":{"self":[{"href":"https:\/\/diarioregionaldigital.com.br\/index.php?rest_route=\/wp\/v2\/posts\/230083","targetHints":{"allow":["GET"]}}],"collection":[{"href":"https:\/\/diarioregionaldigital.com.br\/index.php?rest_route=\/wp\/v2\/posts"}],"about":[{"href":"https:\/\/diarioregionaldigital.com.br\/index.php?rest_route=\/wp\/v2\/types\/post"}],"author":[{"embeddable":true,"href":"https:\/\/diarioregionaldigital.com.br\/index.php?rest_route=\/wp\/v2\/users\/246"}],"replies":[{"embeddable":true,"href":"https:\/\/diarioregionaldigital.com.br\/index.php?rest_route=%2Fwp%2Fv2%2Fcomments&post=230083"}],"version-history":[{"count":1,"href":"https:\/\/diarioregionaldigital.com.br\/index.php?rest_route=\/wp\/v2\/posts\/230083\/revisions"}],"predecessor-version":[{"id":230085,"href":"https:\/\/diarioregionaldigital.com.br\/index.php?rest_route=\/wp\/v2\/posts\/230083\/revisions\/230085"}],"wp:featuredmedia":[{"embeddable":true,"href":"https:\/\/diarioregionaldigital.com.br\/index.php?rest_route=\/wp\/v2\/media\/230084"}],"wp:attachment":[{"href":"https:\/\/diarioregionaldigital.com.br\/index.php?rest_route=%2Fwp%2Fv2%2Fmedia&parent=230083"}],"wp:term":[{"taxonomy":"category","embeddable":true,"href":"https:\/\/diarioregionaldigital.com.br\/index.php?rest_route=%2Fwp%2Fv2%2Fcategories&post=230083"},{"taxonomy":"post_tag","embeddable":true,"href":"https:\/\/diarioregionaldigital.com.br\/index.php?rest_route=%2Fwp%2Fv2%2Ftags&post=230083"}],"curies":[{"name":"wp","href":"https:\/\/api.w.org\/{rel}","templated":true}]}}