{"id":230037,"date":"2025-08-27T17:26:17","date_gmt":"2025-08-27T20:26:17","guid":{"rendered":"https:\/\/diarioregionaldigital.com.br\/?p=230037"},"modified":"2025-08-27T17:26:17","modified_gmt":"2025-08-27T20:26:17","slug":"secretaria-do-bem-estar-animal-promove-evento-especial-neste-sabado-no-canil-municipal","status":"publish","type":"post","link":"https:\/\/diarioregionaldigital.com.br\/?p=230037","title":{"rendered":"Secretaria do Bem-Estar Animal promove evento especial neste s\u00e1bado no Canil Municipal"},"content":{"rendered":"<p>Segundo informa\u00e7\u00f5es do site da Prefeitura de Juiz de Fora (PJF), a PJF, por meio da Secretaria de Bem-Estar Animal (Sebeal), realiza, neste s\u00e1bado, 30, o terceiro evento de bem-estar animal no Canil Municipal, das 8h \u00e0s 13h, com diversas atividades voltadas para os c\u00e3es acolhidos.<\/p>\n<p>A programa\u00e7\u00e3o contar\u00e1 com banho, tosa, brincadeiras e passeio no parc\u00e3o, proporcionando momentos de lazer, cuidado e carinho para os animais. Al\u00e9m disso, a a\u00e7\u00e3o contar\u00e1 com a participa\u00e7\u00e3o de volunt\u00e1rios, que se somam \u00e0 equipe da Sebeal para tornar o dia ainda mais especial. Profissionais da tosa tamb\u00e9m podem se voluntariar para oferecer seus servi\u00e7os no evento, contribuindo para o conforto dos pets.<\/p>\n<p>O objetivo \u00e9 promover o bem-estar dos c\u00e3es e gatos atendidos pelo Canil, incentivando a ado\u00e7\u00e3o respons\u00e1vel e a valoriza\u00e7\u00e3o da vida desses companheiros. Um momento de integra\u00e7\u00e3o, em que os animais recebem cuidados, aten\u00e7\u00e3o e alegria.<\/p>\n<p>Local: Canil Municipal de Juiz de Fora<\/p>\n<p>Data: S\u00e1bado, 30 de agosto<\/p>\n<p>\u23f0 Hor\u00e1rio: 8h \u00e0s 13h<\/p>\n","protected":false},"excerpt":{"rendered":"<p>Segundo informa\u00e7\u00f5es do site da Prefeitura de Juiz de Fora (PJF), a PJF, por meio da Secretaria de Bem-Estar Animal (Sebeal), realiza, neste s\u00e1bado, 30, o terceiro evento de bem-estar animal no Canil Municipal, das 8h \u00e0s 13h, com diversas atividades voltadas para os c\u00e3es acolhidos. A programa\u00e7\u00e3o contar\u00e1 com banho, tosa, brincadeiras e passeio [&hellip;]<\/p>\n","protected":false},"author":246,"featured_media":230038,"comment_status":"closed","ping_status":"closed","sticky":false,"template":"","format":"standard","meta":{"footnotes":""},"categories":[253,436,440,439],"tags":[],"class_list":["post-230037","post","type-post","status-publish","format-standard","has-post-thumbnail","hentry","category-cidade","category-destaque-da-semana","category-destaques-do-dia","category-ultima-hora"],"_links":{"self":[{"href":"https:\/\/diarioregionaldigital.com.br\/index.php?rest_route=\/wp\/v2\/posts\/230037","targetHints":{"allow":["GET"]}}],"collection":[{"href":"https:\/\/diarioregionaldigital.com.br\/index.php?rest_route=\/wp\/v2\/posts"}],"about":[{"href":"https:\/\/diarioregionaldigital.com.br\/index.php?rest_route=\/wp\/v2\/types\/post"}],"author":[{"embeddable":true,"href":"https:\/\/diarioregionaldigital.com.br\/index.php?rest_route=\/wp\/v2\/users\/246"}],"replies":[{"embeddable":true,"href":"https:\/\/diarioregionaldigital.com.br\/index.php?rest_route=%2Fwp%2Fv2%2Fcomments&post=230037"}],"version-history":[{"count":1,"href":"https:\/\/diarioregionaldigital.com.br\/index.php?rest_route=\/wp\/v2\/posts\/230037\/revisions"}],"predecessor-version":[{"id":230039,"href":"https:\/\/diarioregionaldigital.com.br\/index.php?rest_route=\/wp\/v2\/posts\/230037\/revisions\/230039"}],"wp:featuredmedia":[{"embeddable":true,"href":"https:\/\/diarioregionaldigital.com.br\/index.php?rest_route=\/wp\/v2\/media\/230038"}],"wp:attachment":[{"href":"https:\/\/diarioregionaldigital.com.br\/index.php?rest_route=%2Fwp%2Fv2%2Fmedia&parent=230037"}],"wp:term":[{"taxonomy":"category","embeddable":true,"href":"https:\/\/diarioregionaldigital.com.br\/index.php?rest_route=%2Fwp%2Fv2%2Fcategories&post=230037"},{"taxonomy":"post_tag","embeddable":true,"href":"https:\/\/diarioregionaldigital.com.br\/index.php?rest_route=%2Fwp%2Fv2%2Ftags&post=230037"}],"curies":[{"name":"wp","href":"https:\/\/api.w.org\/{rel}","templated":true}]}}