{"id":230034,"date":"2025-08-27T17:25:23","date_gmt":"2025-08-27T20:25:23","guid":{"rendered":"https:\/\/diarioregionaldigital.com.br\/?p=230034"},"modified":"2025-08-27T17:25:23","modified_gmt":"2025-08-27T20:25:23","slug":"cidade-recebe-encontro-do-automovel-antigo-e-de-multicolecionismo-neste-final-de-semana","status":"publish","type":"post","link":"https:\/\/diarioregionaldigital.com.br\/?p=230034","title":{"rendered":"Cidade recebe encontro do Autom\u00f3vel Antigo e de Multicolecionismo neste final de semana"},"content":{"rendered":"<p>Segundo informa\u00e7\u00f5es do site da Prefeitura de Juiz de Fora (PJF),\u00a0 Juiz de Fora ser\u00e1 palco, neste fim de semana, de dois grandes eventos voltados ao colecionismo. Entre quinta-feira (28) e domingo (31), a Pra\u00e7a C\u00edvica da Universidade Federal de Juiz de Fora (UFJF) recebe o 24\u00ba Encontro do Autom\u00f3vel Antigo, que reunir\u00e1 cerca de 200 ve\u00edculos hist\u00f3ricos, expostos por colecionadores de diferentes regi\u00f5es. A expectativa do Instituto Cultura Clube do Autom\u00f3vel Antigo de Juiz de Fora, organizador do evento, \u00e9 atrair aproximadamente 6 mil visitantes ao longo dos quatro dias.<\/p>\n<p>A programa\u00e7\u00e3o inclui atividades sociais e culturais. Toda a renda obtida com a \u00e1rea de alimenta\u00e7\u00e3o ser\u00e1 revertida para a Associa\u00e7\u00e3o dos Amigos \u2013 ABAN, ONG sem fins lucrativos fundada em 1997.<\/p>\n<p>Na sexta-feira e no s\u00e1bado, das 11h \u00e0s 12h, ser\u00e3o realizadas palestras t\u00e9cnicas com entrada gratuita. Al\u00e9m disso, a Concha Ac\u00fastica receber\u00e1 a exposi\u00e7\u00e3o de pinturas de Malu Brasil, J\u00falia Firjan Torres e M\u00e1rcia Lisboa, sendo que esta \u00faltima far\u00e1 performances de pintura ao vivo durante o encontro.<\/p>\n<p>Paralelamente, o Trade Hotel sediar\u00e1, na sexta-feira (29) e no s\u00e1bado (30), o Encontro Nacional de Multicolecionismo, que reunir\u00e1 apaixonados por diferentes \u00e1reas de colecionismo. O evento, aberto ao p\u00fablico das 8h \u00e0s 18h, possibilita trocas de informa\u00e7\u00f5es, avalia\u00e7\u00f5es, negocia\u00e7\u00f5es e comercializa\u00e7\u00e3o de pe\u00e7as raras.<\/p>\n<p>Entre os participantes est\u00e3o numismatas (colecionadores e estudiosos de moedas, medalhas e c\u00e9dulas), filatelistas (Sociedade Filat\u00e9lica de Juiz de Fora), praticantes de plastimodelismo (miniaturas em pl\u00e1stico), aeromodelismo (Associa\u00e7\u00e3o de Aeromodelismo de Juiz de Fora) e colecionadores de brinquedos. A proposta \u00e9 que os visitantes tamb\u00e9m levem seus pr\u00f3prios objetos de cole\u00e7\u00e3o para avalia\u00e7\u00e3o ou negocia\u00e7\u00e3o.<\/p>\n","protected":false},"excerpt":{"rendered":"<p>Segundo informa\u00e7\u00f5es do site da Prefeitura de Juiz de Fora (PJF),\u00a0 Juiz de Fora ser\u00e1 palco, neste fim de semana, de dois grandes eventos voltados ao colecionismo. Entre quinta-feira (28) e domingo (31), a Pra\u00e7a C\u00edvica da Universidade Federal de Juiz de Fora (UFJF) recebe o 24\u00ba Encontro do Autom\u00f3vel Antigo, que reunir\u00e1 cerca de [&hellip;]<\/p>\n","protected":false},"author":246,"featured_media":230035,"comment_status":"closed","ping_status":"closed","sticky":false,"template":"","format":"standard","meta":{"footnotes":""},"categories":[253,436,440,439],"tags":[],"class_list":["post-230034","post","type-post","status-publish","format-standard","has-post-thumbnail","hentry","category-cidade","category-destaque-da-semana","category-destaques-do-dia","category-ultima-hora"],"_links":{"self":[{"href":"https:\/\/diarioregionaldigital.com.br\/index.php?rest_route=\/wp\/v2\/posts\/230034","targetHints":{"allow":["GET"]}}],"collection":[{"href":"https:\/\/diarioregionaldigital.com.br\/index.php?rest_route=\/wp\/v2\/posts"}],"about":[{"href":"https:\/\/diarioregionaldigital.com.br\/index.php?rest_route=\/wp\/v2\/types\/post"}],"author":[{"embeddable":true,"href":"https:\/\/diarioregionaldigital.com.br\/index.php?rest_route=\/wp\/v2\/users\/246"}],"replies":[{"embeddable":true,"href":"https:\/\/diarioregionaldigital.com.br\/index.php?rest_route=%2Fwp%2Fv2%2Fcomments&post=230034"}],"version-history":[{"count":1,"href":"https:\/\/diarioregionaldigital.com.br\/index.php?rest_route=\/wp\/v2\/posts\/230034\/revisions"}],"predecessor-version":[{"id":230036,"href":"https:\/\/diarioregionaldigital.com.br\/index.php?rest_route=\/wp\/v2\/posts\/230034\/revisions\/230036"}],"wp:featuredmedia":[{"embeddable":true,"href":"https:\/\/diarioregionaldigital.com.br\/index.php?rest_route=\/wp\/v2\/media\/230035"}],"wp:attachment":[{"href":"https:\/\/diarioregionaldigital.com.br\/index.php?rest_route=%2Fwp%2Fv2%2Fmedia&parent=230034"}],"wp:term":[{"taxonomy":"category","embeddable":true,"href":"https:\/\/diarioregionaldigital.com.br\/index.php?rest_route=%2Fwp%2Fv2%2Fcategories&post=230034"},{"taxonomy":"post_tag","embeddable":true,"href":"https:\/\/diarioregionaldigital.com.br\/index.php?rest_route=%2Fwp%2Fv2%2Ftags&post=230034"}],"curies":[{"name":"wp","href":"https:\/\/api.w.org\/{rel}","templated":true}]}}