{"id":230018,"date":"2025-08-26T19:05:53","date_gmt":"2025-08-26T22:05:53","guid":{"rendered":"https:\/\/diarioregionaldigital.com.br\/?p=230018"},"modified":"2025-08-26T19:05:53","modified_gmt":"2025-08-26T22:05:53","slug":"pjf-e-ipem-mg-realizam-fiscalizacao-de-balancas-na-feira-do-bairro-de-lourdes","status":"publish","type":"post","link":"https:\/\/diarioregionaldigital.com.br\/?p=230018","title":{"rendered":"PJF e Ipem-MG realizam fiscaliza\u00e7\u00e3o de balan\u00e7as na feira do Bairro de Lourdes"},"content":{"rendered":"<p>Segundo informa\u00e7\u00f5es do site da Prefeitura de Juiz de Fora (PJF), na \u00faltima semana, a Prefeitura de Juiz de Fora (PJF), em parceria com o Instituto de Metrologia e Qualidade do Estado de Minas Gerais (Ipem-MG), realizou uma a\u00e7\u00e3o de fiscaliza\u00e7\u00e3o na feira livre do bairro Nossa Senhora de Lourdes. O objetivo foi verificar as condi\u00e7\u00f5es de uso das balan\u00e7as e orientar os feirantes sobre o correto funcionamento dos equipamentos de pesagem, para garantir a transpar\u00eancia nas rela\u00e7\u00f5es de consumo.<\/p>\n<p>Ao todo, foram inspecionadas 20 balan\u00e7as comerciais e industriais. Destas, 18 estavam dentro dos padr\u00f5es exigidos e duas foram reprovadas nos testes, sendo os respons\u00e1veis notificados para realizar os reparos necess\u00e1rios.<\/p>\n<p>Nessas inspe\u00e7\u00f5es, as balan\u00e7as passam por ensaios com pesos padr\u00e3o calibrados, que simulam diferentes cargas, da m\u00ednima at\u00e9 a m\u00e1xima capacidade do equipamento. O procedimento verifica se a indica\u00e7\u00e3o dos instrumentos est\u00e1 dentro da toler\u00e2ncia estabelecida pela\u00a0<a href=\"http:\/\/sistema-sil.inmetro.gov.br\/rtac\/RTAC002968.pdf\"><u>Portaria n\u00ba 157\/2022 do Inmetro<\/u><\/a>.<\/p>\n<p>Durante a a\u00e7\u00e3o, os fiscais tamb\u00e9m orientaram os feirantes quanto ao correto uso e \u00e0 montagem dos equipamentos. Entre as recomenda\u00e7\u00f5es, est\u00e3o a necessidade de manter as balan\u00e7as em bases est\u00e1veis, livres de correntes de ar, e a aten\u00e7\u00e3o \u00e0s condi\u00e7\u00f5es dos visores, bandejas e placas de identifica\u00e7\u00e3o.<\/p>\n","protected":false},"excerpt":{"rendered":"<p>Segundo informa\u00e7\u00f5es do site da Prefeitura de Juiz de Fora (PJF), na \u00faltima semana, a Prefeitura de Juiz de Fora (PJF), em parceria com o Instituto de Metrologia e Qualidade do Estado de Minas Gerais (Ipem-MG), realizou uma a\u00e7\u00e3o de fiscaliza\u00e7\u00e3o na feira livre do bairro Nossa Senhora de Lourdes. O objetivo foi verificar as [&hellip;]<\/p>\n","protected":false},"author":246,"featured_media":230019,"comment_status":"closed","ping_status":"closed","sticky":false,"template":"","format":"standard","meta":{"footnotes":""},"categories":[253,436,440,439],"tags":[],"class_list":["post-230018","post","type-post","status-publish","format-standard","has-post-thumbnail","hentry","category-cidade","category-destaque-da-semana","category-destaques-do-dia","category-ultima-hora"],"_links":{"self":[{"href":"https:\/\/diarioregionaldigital.com.br\/index.php?rest_route=\/wp\/v2\/posts\/230018","targetHints":{"allow":["GET"]}}],"collection":[{"href":"https:\/\/diarioregionaldigital.com.br\/index.php?rest_route=\/wp\/v2\/posts"}],"about":[{"href":"https:\/\/diarioregionaldigital.com.br\/index.php?rest_route=\/wp\/v2\/types\/post"}],"author":[{"embeddable":true,"href":"https:\/\/diarioregionaldigital.com.br\/index.php?rest_route=\/wp\/v2\/users\/246"}],"replies":[{"embeddable":true,"href":"https:\/\/diarioregionaldigital.com.br\/index.php?rest_route=%2Fwp%2Fv2%2Fcomments&post=230018"}],"version-history":[{"count":1,"href":"https:\/\/diarioregionaldigital.com.br\/index.php?rest_route=\/wp\/v2\/posts\/230018\/revisions"}],"predecessor-version":[{"id":230020,"href":"https:\/\/diarioregionaldigital.com.br\/index.php?rest_route=\/wp\/v2\/posts\/230018\/revisions\/230020"}],"wp:featuredmedia":[{"embeddable":true,"href":"https:\/\/diarioregionaldigital.com.br\/index.php?rest_route=\/wp\/v2\/media\/230019"}],"wp:attachment":[{"href":"https:\/\/diarioregionaldigital.com.br\/index.php?rest_route=%2Fwp%2Fv2%2Fmedia&parent=230018"}],"wp:term":[{"taxonomy":"category","embeddable":true,"href":"https:\/\/diarioregionaldigital.com.br\/index.php?rest_route=%2Fwp%2Fv2%2Fcategories&post=230018"},{"taxonomy":"post_tag","embeddable":true,"href":"https:\/\/diarioregionaldigital.com.br\/index.php?rest_route=%2Fwp%2Fv2%2Ftags&post=230018"}],"curies":[{"name":"wp","href":"https:\/\/api.w.org\/{rel}","templated":true}]}}