{"id":229984,"date":"2025-08-25T20:03:41","date_gmt":"2025-08-25T23:03:41","guid":{"rendered":"https:\/\/diarioregionaldigital.com.br\/?p=229984"},"modified":"2025-08-25T20:03:41","modified_gmt":"2025-08-25T23:03:41","slug":"empav-realiza-o-plantio-de-mais-de-2-500-mudas-de-flores-na-avenida-jk","status":"publish","type":"post","link":"https:\/\/diarioregionaldigital.com.br\/?p=229984","title":{"rendered":"Empav realiza o plantio de mais de 2.500 mudas de flores na avenida JK"},"content":{"rendered":"<p>Segundo informa\u00e7\u00f5es do site da Prefeitura de Juiz de Fora (PJF), mais verde nas ruas, mais vida na cidade, isso tamb\u00e9m \u00e9 Boniteza. A Prefeitura de Juiz de Fora (PJF), por meio das equipes do Horto Florestal da Empresa Municipal de Pavimenta\u00e7\u00e3o e Urbanidades (Empav), segue com o plantio de mudas na avenida Juscelino Kubitschek, mais conhecida como JK. Nas \u00faltimas semanas, cerca de 2.500 mudas foram plantadas nos canteiros centrais da via.<\/p>\n<p>S\u00e3o dezenas de variedades que trazem movimento, cor e diversidade ao espa\u00e7o urbano, entre elas: dracenas, pleomele, agave, \u00edris-da-praia, clusia, moreia, agapanto azul, palmeiras, croton, camar\u00e3o, brom\u00e9lia, guaimb\u00ea, iresine, orqu\u00eddea bambu e azaleia.<\/p>\n<p>O paisagismo da JK tamb\u00e9m faz parte do Programa Boniteza, que alia beleza e cuidado nos espa\u00e7os p\u00fablicos. A iniciativa transforma a JK em um espa\u00e7o mais colorido e acolhedor, melhora a sensa\u00e7\u00e3o de bem-estar e valoriza a regi\u00e3o, trazendo mais qualidade de vida para quem circula pelo trecho.<\/p>\n<p>Todas essas a\u00e7\u00f5es fazem parte do Programa Boniteza, que leva servi\u00e7os de cuidado e zeladoria urbana a Juiz de Fora. A programa\u00e7\u00e3o completa das atividades realizadas pela PJF pode ser consultada atrav\u00e9s da p\u00e1gina do Gabinete de A\u00e7\u00e3o e Di\u00e1logo Comunit\u00e1rio, pelo link. Para solicitar os servi\u00e7os, basta entrar em contato com o Gabinete, atrav\u00e9s do telefone <a href=\"tel:(32) 3690-7241\">(32) 3690-7241<\/a> ou pelo WhatsApp utilizando o mesmo n\u00famero.<\/p>\n","protected":false},"excerpt":{"rendered":"<p>Segundo informa\u00e7\u00f5es do site da Prefeitura de Juiz de Fora (PJF), mais verde nas ruas, mais vida na cidade, isso tamb\u00e9m \u00e9 Boniteza. A Prefeitura de Juiz de Fora (PJF), por meio das equipes do Horto Florestal da Empresa Municipal de Pavimenta\u00e7\u00e3o e Urbanidades (Empav), segue com o plantio de mudas na avenida Juscelino Kubitschek, [&hellip;]<\/p>\n","protected":false},"author":246,"featured_media":229985,"comment_status":"closed","ping_status":"closed","sticky":false,"template":"","format":"standard","meta":{"footnotes":""},"categories":[253,436,440,439],"tags":[],"class_list":["post-229984","post","type-post","status-publish","format-standard","has-post-thumbnail","hentry","category-cidade","category-destaque-da-semana","category-destaques-do-dia","category-ultima-hora"],"_links":{"self":[{"href":"https:\/\/diarioregionaldigital.com.br\/index.php?rest_route=\/wp\/v2\/posts\/229984","targetHints":{"allow":["GET"]}}],"collection":[{"href":"https:\/\/diarioregionaldigital.com.br\/index.php?rest_route=\/wp\/v2\/posts"}],"about":[{"href":"https:\/\/diarioregionaldigital.com.br\/index.php?rest_route=\/wp\/v2\/types\/post"}],"author":[{"embeddable":true,"href":"https:\/\/diarioregionaldigital.com.br\/index.php?rest_route=\/wp\/v2\/users\/246"}],"replies":[{"embeddable":true,"href":"https:\/\/diarioregionaldigital.com.br\/index.php?rest_route=%2Fwp%2Fv2%2Fcomments&post=229984"}],"version-history":[{"count":1,"href":"https:\/\/diarioregionaldigital.com.br\/index.php?rest_route=\/wp\/v2\/posts\/229984\/revisions"}],"predecessor-version":[{"id":229986,"href":"https:\/\/diarioregionaldigital.com.br\/index.php?rest_route=\/wp\/v2\/posts\/229984\/revisions\/229986"}],"wp:featuredmedia":[{"embeddable":true,"href":"https:\/\/diarioregionaldigital.com.br\/index.php?rest_route=\/wp\/v2\/media\/229985"}],"wp:attachment":[{"href":"https:\/\/diarioregionaldigital.com.br\/index.php?rest_route=%2Fwp%2Fv2%2Fmedia&parent=229984"}],"wp:term":[{"taxonomy":"category","embeddable":true,"href":"https:\/\/diarioregionaldigital.com.br\/index.php?rest_route=%2Fwp%2Fv2%2Fcategories&post=229984"},{"taxonomy":"post_tag","embeddable":true,"href":"https:\/\/diarioregionaldigital.com.br\/index.php?rest_route=%2Fwp%2Fv2%2Ftags&post=229984"}],"curies":[{"name":"wp","href":"https:\/\/api.w.org\/{rel}","templated":true}]}}