{"id":229981,"date":"2025-08-25T20:00:05","date_gmt":"2025-08-25T23:00:05","guid":{"rendered":"https:\/\/diarioregionaldigital.com.br\/?p=229981"},"modified":"2025-08-25T20:00:05","modified_gmt":"2025-08-25T23:00:05","slug":"joao-fonseca-vence-estreia-contra-servio-e-vai-a-2a-rodada-do-us-open","status":"publish","type":"post","link":"https:\/\/diarioregionaldigital.com.br\/?p=229981","title":{"rendered":"Jo\u00e3o Fonseca vence estreia contra s\u00e9rvio e vai \u00e0 2\u00aa rodada do US Open"},"content":{"rendered":"<p>O jovem tenista carioca\u00a0Jo\u00e3o Fonseca estreou com vit\u00f3ria no US Open, \u00faltimo dos quatro Grand Slam do ano, nesta segunda-feira (25), em Nova York (Estados Unidos). N\u00famero 45 do mundo, Jo\u00e3o derrotou o s\u00e9rvio Miomir\u00a0Kecmanovi (42\u00ba no ranking), por 3 sets a 0 &#8211; parciais de 7\/6 (3), 7\/6 (5) e 6\/3 \u2013, ap\u00f3s\u00a0duas horas e meia de partida.\u00a0 Esta \u00e9 a primeira vez que o brasileiro disputa a chave principal do torneio norte-americano. Em 2023, Jo\u00e3o Fonseca foi campe\u00e3o juvenil do US Open.<img decoding=\"async\" src=\"https:\/\/agenciabrasil.ebc.com.br\/ebc.png?id=1655763&amp;o=node\" \/><img decoding=\"async\" src=\"https:\/\/agenciabrasil.ebc.com.br\/ebc.gif?id=1655763&amp;o=node\" \/><\/p>\n<p>Na segunda rodada, Jo\u00e3o ter\u00e1 pela frente o tcheco Tomas Machac (22\u00ba no ranking), que bateu o italiano Luca Nardi (86\u00ba) na esreia. A partida est\u00e1 programada para quarta-feira\u00a0(27), em hor\u00e1rio ainda a ser definido pelos organizadores.<\/p>\n<p>O embate de hoje foi equilibrado nos dois primeiros sets, definidos pelo brasileiro nos<em> tie-breaks<\/em>. Na terceira parcial, Jo\u00e3o \u00a0passou mal e pediu atendimento m\u00e9dico quando vencia por 3 a 2.\u00a0 Recuperado, voltou \u00e0 disputa at\u00e9 selar a vit\u00f3ria.<\/p>\n<blockquote><p>\u201cA primeira rodada \u00e9 sempre mais tensa, e hoje me senti mal no terceiro set, n\u00e3o sei direito o que aconteceu, mas obrigado pelo suporte hoje, significa muito pra mim. N\u00e3o sabia que a bandeira do Brasil estaria aqui, ent\u00e3o muito obrigado a todos brasileiros que me apoiaram hoje\u201d, disse o brasileiro, que completou 19 anos na \u00faltima quinta (21).<\/p><\/blockquote>\n<h2>Bia Haddad estreia nesta ter\u00e7a (26)<\/h2>\n<p>N\u00famero 22 do mundo, a paulistana Beatriz Haddad Maia estreia na chave de simples feminina no US Open nesta ter\u00e7a (26), a partir do meio-dia (hor\u00e1rio de Bras\u00edlia). A advers\u00e1ria ser\u00e1 a brit\u00e2nica Sonay Kartal (51\u00aa no ranking); A duas se enfrentaram em mar\u00e7o no WTA 1000 de Indian Wells, com vit\u00f3ria da brit\u00e2nica. Na edi\u00e7\u00e3o passada do Grand Slam nova-iorquino, Bia parou nas quartas de final.<\/p>\n<h2>Duplas e demais chaves do US Open<\/h2>\n<p>Os confrontos das chaves de duplas ser\u00e3o divulgados nesta ter\u00e7a (26). O Brasil contar\u00e1 com cinco tenistas na disputa masculina (Marcelo Melo, Rafael Matos, Fernando Romboli, Orlando Luz e Marcelo Demoliner. Nas duplas femininas, a amarelinha ser\u00e1 representada por Bia Haddad, Luisa Stefani e Ingrid Martins.<\/p>\n<p>A chave juvenil, a partir do pr\u00f3ximo domingo (31), ter\u00e1 quatro brasileiros na disputa de simples e de duplas: \u00a0Pedro Boinini e Luis Guto Miguel no torneio masculino, e Victoria Barros e Nauhany Silva no feminino.<\/p>\n<p>O pa\u00eds\u00a0 tamb\u00e9m contar\u00e1 com outro cinco representantes no torneio de te\u00eanis em cadeira de rodas, a partir de 2 de setembro. Vit\u00f3ria Miranda (campe\u00e3 de simples e duplas do Aberto da Austr\u00e1lia\u00a0 e de Roland Garros), Luiz Calixto, Daniel Rodrigues, Leandro Pena e Ymanitu Silva.<\/p>\n<p>&nbsp;<\/p>\n<p>Fonte: Ag\u00eancia Brasil<\/p>\n<p>&nbsp;<\/p>\n","protected":false},"excerpt":{"rendered":"<p>O jovem tenista carioca\u00a0Jo\u00e3o Fonseca estreou com vit\u00f3ria no US Open, \u00faltimo dos quatro Grand Slam do ano, nesta segunda-feira (25), em Nova York (Estados Unidos). N\u00famero 45 do mundo, Jo\u00e3o derrotou o s\u00e9rvio Miomir\u00a0Kecmanovi (42\u00ba no ranking), por 3 sets a 0 &#8211; parciais de 7\/6 (3), 7\/6 (5) e 6\/3 \u2013, ap\u00f3s\u00a0duas horas [&hellip;]<\/p>\n","protected":false},"author":246,"featured_media":229982,"comment_status":"closed","ping_status":"closed","sticky":false,"template":"","format":"standard","meta":{"footnotes":""},"categories":[436,440,257,439],"tags":[],"class_list":["post-229981","post","type-post","status-publish","format-standard","has-post-thumbnail","hentry","category-destaque-da-semana","category-destaques-do-dia","category-esporte","category-ultima-hora"],"_links":{"self":[{"href":"https:\/\/diarioregionaldigital.com.br\/index.php?rest_route=\/wp\/v2\/posts\/229981","targetHints":{"allow":["GET"]}}],"collection":[{"href":"https:\/\/diarioregionaldigital.com.br\/index.php?rest_route=\/wp\/v2\/posts"}],"about":[{"href":"https:\/\/diarioregionaldigital.com.br\/index.php?rest_route=\/wp\/v2\/types\/post"}],"author":[{"embeddable":true,"href":"https:\/\/diarioregionaldigital.com.br\/index.php?rest_route=\/wp\/v2\/users\/246"}],"replies":[{"embeddable":true,"href":"https:\/\/diarioregionaldigital.com.br\/index.php?rest_route=%2Fwp%2Fv2%2Fcomments&post=229981"}],"version-history":[{"count":1,"href":"https:\/\/diarioregionaldigital.com.br\/index.php?rest_route=\/wp\/v2\/posts\/229981\/revisions"}],"predecessor-version":[{"id":229983,"href":"https:\/\/diarioregionaldigital.com.br\/index.php?rest_route=\/wp\/v2\/posts\/229981\/revisions\/229983"}],"wp:featuredmedia":[{"embeddable":true,"href":"https:\/\/diarioregionaldigital.com.br\/index.php?rest_route=\/wp\/v2\/media\/229982"}],"wp:attachment":[{"href":"https:\/\/diarioregionaldigital.com.br\/index.php?rest_route=%2Fwp%2Fv2%2Fmedia&parent=229981"}],"wp:term":[{"taxonomy":"category","embeddable":true,"href":"https:\/\/diarioregionaldigital.com.br\/index.php?rest_route=%2Fwp%2Fv2%2Fcategories&post=229981"},{"taxonomy":"post_tag","embeddable":true,"href":"https:\/\/diarioregionaldigital.com.br\/index.php?rest_route=%2Fwp%2Fv2%2Ftags&post=229981"}],"curies":[{"name":"wp","href":"https:\/\/api.w.org\/{rel}","templated":true}]}}