{"id":229966,"date":"2025-08-22T20:32:42","date_gmt":"2025-08-22T23:32:42","guid":{"rendered":"https:\/\/diarioregionaldigital.com.br\/?p=229966"},"modified":"2025-08-22T20:32:42","modified_gmt":"2025-08-22T23:32:42","slug":"maior-edicao-do-espaco-emprego-jf-tera-24-empresas-400-vagas-e-salarios-de-ate-r3-mil","status":"publish","type":"post","link":"https:\/\/diarioregionaldigital.com.br\/?p=229966","title":{"rendered":"Maior edi\u00e7\u00e3o do Espa\u00e7o Emprego JF ter\u00e1 24 empresas, 400 vagas e sal\u00e1rios de at\u00e9 R$3 mil"},"content":{"rendered":"<p>Segundo informa\u00e7\u00f5es do site da Prefeitura de Juiz de Fora (PJF), a PJF, por meio da Secretaria de Desenvolvimento Sustent\u00e1vel e Inclusivo, da Inova\u00e7\u00e3o e Competitividade (SEDIC), realiza na pr\u00f3xima quinta-feira, 28 de agosto, mais uma edi\u00e7\u00e3o do projeto Espa\u00e7o Emprego JF.<\/p>\n<div id=\"box_texto_noticia\">\n<p>Desta vez, 24 empresas estar\u00e3o presentes oferecendo mais de 400 vagas de trabalho nos setores de com\u00e9rcio, ind\u00fastria e servi\u00e7os, com sal\u00e1rios que podem chegar a R$ 3 mil.<\/p>\n<p>O evento acontece das 9h \u00e0s 13h, com acesso pela Pra\u00e7a Ant\u00f4nio Carlos, na Avenida Get\u00falio Vargas.<\/p>\n<p>Para participar, os interessados devem levar curr\u00edculo impresso, sendo recomendada uma c\u00f3pia para cada vaga de interesse. No anexo, \u00e9 poss\u00edvel conferir a descri\u00e7\u00e3o das vagas, a carga hor\u00e1ria e a faixa salarial.<\/p>\n<p>A a\u00e7\u00e3o \u00e9 aberta a toda a popula\u00e7\u00e3o e integra a programa\u00e7\u00e3o especial do m\u00eas de agosto dedicada \u00e0 comunidade LGBTQIA+.\u00a0 Haver\u00e1 prioridade de atendimento para pessoas trans, travestis e n\u00e3o bin\u00e1rias.<\/p>\n<p>O Espa\u00e7o Emprego JF faz parte do programa GerA\u00c7\u00c3O JF &#8211; Emprego, Renda e Neg\u00f3cios, da SEDIC, e tem o objetivo de promover a inser\u00e7\u00e3o de trabalhadores e trabalhadoras em vagas permanentes, tempor\u00e1rias, de aprendizes ou de est\u00e1gios na cidade.<\/p>\n<p><strong>Confira as vagas dispon\u00edveis:<\/strong><\/p>\n<p>ABC da Constru\u00e7\u00e3o<\/p>\n<p>10 vagas &#8211;\u00a0Auxiliar de Armazenamento, Auxiliar de Atendimento, Assistente Administrativo, Ajudante de Caminh\u00e3o<\/p>\n<p>Assa\u00ed Atacadista<\/p>\n<p>22 vagas &#8211;\u00a0Operador de Caixa, Operador de Loja (Repositor), Atendente de Loja (Produtos Financeiros), Auxiliar de Cozinha Refeit\u00f3rio, Padeiro, A\u00e7ougueiro, Atendente de Cafeteria e Padaria, Auxiliar de Manuten\u00e7\u00e3o, Auxiliar de A\u00e7ougue<\/p>\n<p>Avante Ingredientes<\/p>\n<p>6 vagas &#8211;\u00a0Auxiliar de Produ\u00e7\u00e3o, Auxiliar de laborat\u00f3rio, Auxiliar de expedi\u00e7\u00e3o, Estoquista, Vendedor interno e Operador de m\u00e1quinas.<\/p>\n<p>BrasilGourmet<\/p>\n<p>20 vagas &#8211;\u00a0 Auxiliar de Produ\u00e7\u00e3o<\/p>\n<p>Campo Bom<\/p>\n<p>8 vagas &#8211;\u00a0Auxiliar de Produ\u00e7\u00e3o e Auxiliar de Expedi\u00e7\u00e3o<\/p>\n<p>Carrefour<\/p>\n<p>5 vagas &#8211;\u00a0Operador de Caixa, Operador de Loja (Padaria \/ A\u00e7ougue)<\/p>\n<p>Cercred<\/p>\n<p>80 vagas &#8211;\u00a0Operador de Teleatendimento<\/p>\n<p>Cerqueira Com\u00e9rcio de Alimentos e Bebidas Ltda<\/p>\n<p>9 vagas &#8211;\u00a0 Cozinheiro, Sushiman, Atendente, Auxiliar de Cozinha<\/p>\n<p>CIEEMG<\/p>\n<p>Cadastro de curr\u00edculos &#8211;\u00a0Est\u00e1gio e Aprendizagem<\/p>\n<p>Clean Mall Servi\u00e7os (Grupo GPS)<\/p>\n<p>12 vagas &#8211;\u00a0Enlonador, Ajudante de Servi\u00e7os Gerais<\/p>\n<p>DNA Ind\u00fastria e Com\u00e9rcio de Alimentos LTDA<\/p>\n<p>2 vagas &#8211;\u00a0Operador de M\u00e1quina; Comprador.<\/p>\n<p>Drogasil (RD SA\u00daDE)<\/p>\n<p>3 vagas &#8211;\u00a0 Atendente 1 &#8211; Operador de caixa<\/p>\n<p>Estojos Baldi<\/p>\n<p>5 vagas &#8211;\u00a0 Auxiliar de Produ\u00e7\u00e3o<\/p>\n<p>Gelato Borelli<\/p>\n<p>20 vagas &#8211;\u00a0Atendente, Auxiliar de Produ\u00e7\u00e3o, Operador de Caixa e Auxiliar de Servi\u00e7os Gerais.<\/p>\n<p>Grupo Bahamas<\/p>\n<p>90 vagas &#8211;\u00a0Operador de loja; Auxiliar de limpeza; Auxiliar do dep\u00f3sito; Auxiliar de log\u00edstica; Fiscal de Preven\u00e7\u00e3o de Perdas; Auxiliar de padaria; Analista de controladoria; Estagi\u00e1rio de controladoria; T\u00e9cnico eletr\u00f4nico.<\/p>\n<p>Grupo Benassi<\/p>\n<p>10 vagas &#8211;\u00a0 Promotor de Vendas &#8211; Supermercado Bahamas (Hortifr\u00fati)<\/p>\n<p>LJ Consultoria\u00a0 &#8211;<\/p>\n<p>7 vagas &#8211;\u00a0Operador de manuten\u00e7\u00e3o de extintores de inc\u00eandio, Auxiliar de Limpeza, Auxiliar de produ\u00e7\u00e3o, Atendente Comercial ( Santos Dumont), Faxineira(o) para a cidade de Santos Dumont, Est\u00e1gio Cont\u00e1bil<\/p>\n<p>Lupo<\/p>\n<p>3 vagas &#8211;\u00a0\u00a0Vendedor (a)<\/p>\n<p>Morana<\/p>\n<p>1 vaga &#8211;\u00a0Vendedor (a)<\/p>\n<p>Paraibuna Embalagens<\/p>\n<p>10 vagas &#8211;\u00a0T\u00e9cnico de Mec\u00e2nica , Auxiliar de produ\u00e7\u00e3o, analista de projetos, t\u00e9cnico de automa\u00e7\u00e3o<\/p>\n<p>Rheserva Consultoria<\/p>\n<p>21 vagas &#8211;\u00a0Ajudante de Caminh\u00e3o, Analista, Analista Comercial, Analista de administra\u00e7\u00e3o de pessoal, Analista de PCP, Assistente Administrativo, Aux Servicos Gerais, Auxiliar de Escrit\u00f3rio &#8211; Cobran\u00e7as, Auxiliar de Produ\u00e7\u00e3o, Auxiliar T\u00e9cnico, Closer, Consultor de Neg\u00f3cios, Consultor de vendas, Flebotomista, Mec\u00e2nico, Mec\u00e2nico de Produ\u00e7\u00e3o, Mec\u00e2nico Diesel, Operador de M\u00e1quinas, Operador Multifuncional, Supervisor de unidade e Vendedor Externo.<\/p>\n<p>Solute RH<\/p>\n<p>24 vagas &#8211;\u00a0 Coordenador de Relacionamento, Analista de Marketing, Social Media, Consultor de Vendas, Auxiliar Administrativo, Banco de Talentos, Confeiteiro, Caixa, Repositor, Atendente de Padaria, Ajudante de Padeiro<\/p>\n<p>Supermercado Pais&amp;Filhos<\/p>\n<p>22 vagas &#8211;\u00a0 Repositor, A\u00e7ougueiro\/ajudante, Padeiro\/ajudante, Auxiliar de produ\u00e7\u00e3o, Atendente de mesa<\/p>\n<p>Hotel<\/p>\n<p>9 vagas &#8211;\u00a0 Auxiliar de Cozinha, Est\u00e1gio de Turismo, Agente de Governan\u00e7a, Gar\u00e7om,\u00a0Cozinheiro (a), Ma\u00eetre.<\/p>\n<p>&nbsp;<\/p>\n<\/div>\n<p>&nbsp;<\/p>\n<div class=\"texto_anexo\"><img loading=\"lazy\" decoding=\"async\" src=\"https:\/\/www.pjf.mg.gov.br\/imagens\/clips.jpg\" width=\"22\" height=\"20\" \/>\u00a0<a href=\"https:\/\/www.pjf.mg.gov.br\/noticias\/anexo\/ANEXODORELEASE-vagas-completas_1_.pdf.pdf\" target=\"_blank\" rel=\"noopener\">Veja o anexo<\/a><\/div>\n","protected":false},"excerpt":{"rendered":"<p>Segundo informa\u00e7\u00f5es do site da Prefeitura de Juiz de Fora (PJF), a PJF, por meio da Secretaria de Desenvolvimento Sustent\u00e1vel e Inclusivo, da Inova\u00e7\u00e3o e Competitividade (SEDIC), realiza na pr\u00f3xima quinta-feira, 28 de agosto, mais uma edi\u00e7\u00e3o do projeto Espa\u00e7o Emprego JF. Desta vez, 24 empresas estar\u00e3o presentes oferecendo mais de 400 vagas de trabalho [&hellip;]<\/p>\n","protected":false},"author":246,"featured_media":229967,"comment_status":"closed","ping_status":"closed","sticky":false,"template":"","format":"standard","meta":{"footnotes":""},"categories":[253,436,440,439],"tags":[],"class_list":["post-229966","post","type-post","status-publish","format-standard","has-post-thumbnail","hentry","category-cidade","category-destaque-da-semana","category-destaques-do-dia","category-ultima-hora"],"_links":{"self":[{"href":"https:\/\/diarioregionaldigital.com.br\/index.php?rest_route=\/wp\/v2\/posts\/229966","targetHints":{"allow":["GET"]}}],"collection":[{"href":"https:\/\/diarioregionaldigital.com.br\/index.php?rest_route=\/wp\/v2\/posts"}],"about":[{"href":"https:\/\/diarioregionaldigital.com.br\/index.php?rest_route=\/wp\/v2\/types\/post"}],"author":[{"embeddable":true,"href":"https:\/\/diarioregionaldigital.com.br\/index.php?rest_route=\/wp\/v2\/users\/246"}],"replies":[{"embeddable":true,"href":"https:\/\/diarioregionaldigital.com.br\/index.php?rest_route=%2Fwp%2Fv2%2Fcomments&post=229966"}],"version-history":[{"count":1,"href":"https:\/\/diarioregionaldigital.com.br\/index.php?rest_route=\/wp\/v2\/posts\/229966\/revisions"}],"predecessor-version":[{"id":229968,"href":"https:\/\/diarioregionaldigital.com.br\/index.php?rest_route=\/wp\/v2\/posts\/229966\/revisions\/229968"}],"wp:featuredmedia":[{"embeddable":true,"href":"https:\/\/diarioregionaldigital.com.br\/index.php?rest_route=\/wp\/v2\/media\/229967"}],"wp:attachment":[{"href":"https:\/\/diarioregionaldigital.com.br\/index.php?rest_route=%2Fwp%2Fv2%2Fmedia&parent=229966"}],"wp:term":[{"taxonomy":"category","embeddable":true,"href":"https:\/\/diarioregionaldigital.com.br\/index.php?rest_route=%2Fwp%2Fv2%2Fcategories&post=229966"},{"taxonomy":"post_tag","embeddable":true,"href":"https:\/\/diarioregionaldigital.com.br\/index.php?rest_route=%2Fwp%2Fv2%2Ftags&post=229966"}],"curies":[{"name":"wp","href":"https:\/\/api.w.org\/{rel}","templated":true}]}}