{"id":229960,"date":"2025-08-22T20:29:29","date_gmt":"2025-08-22T23:29:29","guid":{"rendered":"https:\/\/diarioregionaldigital.com.br\/?p=229960"},"modified":"2025-08-22T20:29:29","modified_gmt":"2025-08-22T23:29:29","slug":"flamengo-volta-a-derrotar-internacional-e-avanca-na-libertadores","status":"publish","type":"post","link":"https:\/\/diarioregionaldigital.com.br\/?p=229960","title":{"rendered":"Flamengo volta a derrotar Internacional e avan\u00e7a na Libertadores"},"content":{"rendered":"<p>O Flamengo est\u00e1 nas quartas de final da Copa Libertadores. E a classifica\u00e7\u00e3o veio com outra grande atua\u00e7\u00e3o diante do Internacional, desta vez uma vit\u00f3ria por 2 a 0 em pleno est\u00e1dio do Beira Rio, em Porto Alegre. Com este resultado, o Rubro-Negro fechou o confronto brasileiro pelas oitavas da competi\u00e7\u00e3o continental com um placar agregado de 3 a 0.<img decoding=\"async\" src=\"https:\/\/agenciabrasil.ebc.com.br\/ebc.png?id=1655236&amp;o=node\" \/><img decoding=\"async\" src=\"https:\/\/agenciabrasil.ebc.com.br\/ebc.gif?id=1655236&amp;o=node\" \/><\/p>\n<p>Agora, na pr\u00f3xima etapa do torneio, o Rubro-Negro da G\u00e1vea medir\u00e1 for\u00e7as com o Estudiantes (Argentina), que passou pelo Cerro Porte\u00f1o (Paraguai) nas oitavas de final.<\/p>\n<h2>Dom\u00ednio Rubro-Negro<\/h2>\n<p>Mesmo diante de um Colorado que contou com grande apoio de sua torcida, o Flamengo foi superior desde os primeiros minutos do confronto. Para isto, a equipe comandada por Filipe Lu\u00eds optou por tentar manter a posse de bola. Em alguns momentos a equipe da G\u00e1vea recuava as linhas para tentar atrair o Inter e abrir\u00a0espa\u00e7os para realizar lan\u00e7amentos para um trio de ataque muito r\u00e1pido formado por Samuel Lino, Plata e Bruno Henrique.<\/p>\n<p>A aposta se mostrou acertada, pois o time de Roger Machado pouco tocou na bola antes do intervalo e nenhum perigo levou ao goleiro Rossi. E o principal sinal de que a postura do Rubro-Negro era correta foi o gol de Arrascaeta. Aos 26 minutos Samuel Lino se livrou da marca\u00e7\u00e3o e bateu com for\u00e7a para defesa parcial do goleiro Rochet, Plata aproveitou o rebote para tocar de cabe\u00e7a para o meio-campista uruguaio, que bateu de primeira para abrir o marcador.<\/p>\n<p>Ap\u00f3s o intervalo o t\u00e9cnico Roger Machado colocou mais jogadores de frente, mas esta op\u00e7\u00e3o fez com que o Internacional se perdesse de vez na partida, pois ficou sem capacidade de articular a\u00e7\u00f5es no meio de campo, onde o Flamengo sobrava.<\/p>\n<p>E aos 42 minutos da etapa final o centroavante Pedro sacramentou a classifica\u00e7\u00e3o, quando aproveitou bola cruzada na \u00e1rea para apenas desviar para o fundo do gol defendido pelo goleiro uruguaio Rochet.<\/p>\n<p>Fonte: Ag\u00eancia Brasil<\/p>\n<p>&nbsp;<\/p>\n","protected":false},"excerpt":{"rendered":"<p>O Flamengo est\u00e1 nas quartas de final da Copa Libertadores. E a classifica\u00e7\u00e3o veio com outra grande atua\u00e7\u00e3o diante do Internacional, desta vez uma vit\u00f3ria por 2 a 0 em pleno est\u00e1dio do Beira Rio, em Porto Alegre. Com este resultado, o Rubro-Negro fechou o confronto brasileiro pelas oitavas da competi\u00e7\u00e3o continental com um placar [&hellip;]<\/p>\n","protected":false},"author":246,"featured_media":229961,"comment_status":"closed","ping_status":"closed","sticky":false,"template":"","format":"standard","meta":{"footnotes":""},"categories":[436,440,257,439],"tags":[],"class_list":["post-229960","post","type-post","status-publish","format-standard","has-post-thumbnail","hentry","category-destaque-da-semana","category-destaques-do-dia","category-esporte","category-ultima-hora"],"_links":{"self":[{"href":"https:\/\/diarioregionaldigital.com.br\/index.php?rest_route=\/wp\/v2\/posts\/229960","targetHints":{"allow":["GET"]}}],"collection":[{"href":"https:\/\/diarioregionaldigital.com.br\/index.php?rest_route=\/wp\/v2\/posts"}],"about":[{"href":"https:\/\/diarioregionaldigital.com.br\/index.php?rest_route=\/wp\/v2\/types\/post"}],"author":[{"embeddable":true,"href":"https:\/\/diarioregionaldigital.com.br\/index.php?rest_route=\/wp\/v2\/users\/246"}],"replies":[{"embeddable":true,"href":"https:\/\/diarioregionaldigital.com.br\/index.php?rest_route=%2Fwp%2Fv2%2Fcomments&post=229960"}],"version-history":[{"count":1,"href":"https:\/\/diarioregionaldigital.com.br\/index.php?rest_route=\/wp\/v2\/posts\/229960\/revisions"}],"predecessor-version":[{"id":229962,"href":"https:\/\/diarioregionaldigital.com.br\/index.php?rest_route=\/wp\/v2\/posts\/229960\/revisions\/229962"}],"wp:featuredmedia":[{"embeddable":true,"href":"https:\/\/diarioregionaldigital.com.br\/index.php?rest_route=\/wp\/v2\/media\/229961"}],"wp:attachment":[{"href":"https:\/\/diarioregionaldigital.com.br\/index.php?rest_route=%2Fwp%2Fv2%2Fmedia&parent=229960"}],"wp:term":[{"taxonomy":"category","embeddable":true,"href":"https:\/\/diarioregionaldigital.com.br\/index.php?rest_route=%2Fwp%2Fv2%2Fcategories&post=229960"},{"taxonomy":"post_tag","embeddable":true,"href":"https:\/\/diarioregionaldigital.com.br\/index.php?rest_route=%2Fwp%2Fv2%2Ftags&post=229960"}],"curies":[{"name":"wp","href":"https:\/\/api.w.org\/{rel}","templated":true}]}}