{"id":229943,"date":"2025-08-21T20:21:28","date_gmt":"2025-08-21T23:21:28","guid":{"rendered":"https:\/\/diarioregionaldigital.com.br\/?p=229943"},"modified":"2025-08-21T20:21:28","modified_gmt":"2025-08-21T23:21:28","slug":"secretaria-das-mulheres-atende-mais-de-110-pessoas-no-1o-mutirao-de-regularizacao-de-pensao-alimenticia-e-guarda-de-filhos","status":"publish","type":"post","link":"https:\/\/diarioregionaldigital.com.br\/?p=229943","title":{"rendered":"Secretaria das Mulheres atende mais de 110 pessoas no 1\u00ba Mutir\u00e3o de Regulariza\u00e7\u00e3o de Pens\u00e3o Aliment\u00edcia e Guarda de Filhos"},"content":{"rendered":"<p>Segundo informa\u00e7\u00f5es do site da Prefeitura de Juiz de Fora (PJF), a PJF, por meio da Secretaria Especial das Mulheres, atendeu 112 pessoas durante o 1\u00ba Mutir\u00e3o de Regulariza\u00e7\u00e3o de Pens\u00e3o Aliment\u00edcia e Guarda de Filhos, realizado na Casa da Mulher entre os dias 19 e 21 de agosto.<\/p>\n<p>A a\u00e7\u00e3o foi realizada em parceria com a Defensoria P\u00fablica de Minas Gerais e contou com o apoio dos N\u00facleos de Pr\u00e1ticas Jur\u00eddicas da UniAcademia e da Universo. Tamb\u00e9m participaram o Procon\/JF e a Secretaria de Assist\u00eancia Social (SAS), oferecendo orienta\u00e7\u00f5es sobre servi\u00e7os e direitos.<\/p>\n<p>Para muitas mulheres, o mutir\u00e3o representou a oportunidade de resolver situa\u00e7\u00f5es que se arrastavam h\u00e1 anos. \u201cEssa a\u00e7\u00e3o da Casa da Mulher em prol dos nossos filhos foi uma oportunidade \u00fanica. Eu estava h\u00e1 muito tempo tentando entrar na Justi\u00e7a para cobrar a pens\u00e3o aliment\u00edcia do pai da minha filha e n\u00e3o conseguia. Quando soube do mutir\u00e3o, vi que seria minha chance, pois facilitaram muito para todas n\u00f3s. Est\u00e1 sendo um apoio muito importante\u201d, relatou Darla Santos, 36 anos, que est\u00e1 desempregada.<\/p>\n<p>A iniciativa nasceu a partir de um levantamento da Casa da Mulher, que identificou que a maioria das mulheres atendidas pelo espa\u00e7o n\u00e3o possu\u00eda a guarda regularizada nem acesso \u00e0 pens\u00e3o aliment\u00edcia, aumentando a vulnerabilidade social e a depend\u00eancia econ\u00f4mica.<\/p>\n<p>Segundo a coordenadora de Pol\u00edticas P\u00fablicas para Mulheres da Secretaria Especial das Mulheres, Ana Carolina Sales, os resultados refor\u00e7am a import\u00e2ncia da a\u00e7\u00e3o.\u00a0\u201cO mutir\u00e3o foi um sucesso. Em apenas tr\u00eas dias, conseguimos atender 112 mulheres que agora poder\u00e3o dar um passo importante para garantir seguran\u00e7a \u00e0s suas fam\u00edlias e preservar os direitos de seus filhos. Isso representa um ganho enorme para toda a sociedade. Foi um atendimento qualificado e humanizado, gra\u00e7as \u00e0 parceria com a Defensoria P\u00fablica e as faculdades de Direito. Nosso objetivo \u00e9 ampliar essas parcerias para realizar novas edi\u00e7\u00f5es, que fazem muita diferen\u00e7a na vida da popula\u00e7\u00e3o.\u201d<\/p>\n<p><strong>Casa da Mulher<\/strong><\/p>\n<p>A Casa da Mulher funciona de segunda a sexta-feira, das 8h \u00e0s 17h, oferecendo acolhimento imediato a mulheres em situa\u00e7\u00e3o de viol\u00eancia ou vulnerabilidade. O atendimento pode ser buscado diretamente ou por encaminhamento de \u00f3rg\u00e3os da rede, como Pol\u00edcia Militar e Civil, Minist\u00e9rio P\u00fablico, Poder Judici\u00e1rio, Conselho Tutelar e secretarias da PJF (Sa\u00fade, Assist\u00eancia Social e Educa\u00e7\u00e3o).<\/p>\n<p>O espa\u00e7o oferece:<\/p>\n<p>atendimento social e psicol\u00f3gico;<\/p>\n<p>orienta\u00e7\u00e3o jur\u00eddica especializada, incluindo medidas protetivas;<\/p>\n<p>encaminhamento para servi\u00e7os de sa\u00fade, habita\u00e7\u00e3o e empregabilidade;<\/p>\n<p>oficinas de arteterapia, costura, gin\u00e1stica, yoga e capacita\u00e7\u00e3o profissional;<\/p>\n<p>atividades de preven\u00e7\u00e3o e fortalecimento da autonomia das mulheres.<\/p>\n<p>Ap\u00f3s o primeiro atendimento, cada caso \u00e9 acompanhado pela equipe t\u00e9cnica de forma individualizada, em articula\u00e7\u00e3o com toda a rede de prote\u00e7\u00e3o, garantindo suporte cont\u00ednuo para a supera\u00e7\u00e3o da situa\u00e7\u00e3o de viol\u00eancia.<\/p>\n","protected":false},"excerpt":{"rendered":"<p>Segundo informa\u00e7\u00f5es do site da Prefeitura de Juiz de Fora (PJF), a PJF, por meio da Secretaria Especial das Mulheres, atendeu 112 pessoas durante o 1\u00ba Mutir\u00e3o de Regulariza\u00e7\u00e3o de Pens\u00e3o Aliment\u00edcia e Guarda de Filhos, realizado na Casa da Mulher entre os dias 19 e 21 de agosto. A a\u00e7\u00e3o foi realizada em parceria [&hellip;]<\/p>\n","protected":false},"author":246,"featured_media":229944,"comment_status":"closed","ping_status":"closed","sticky":false,"template":"","format":"standard","meta":{"footnotes":""},"categories":[253,436,440,439],"tags":[],"class_list":["post-229943","post","type-post","status-publish","format-standard","has-post-thumbnail","hentry","category-cidade","category-destaque-da-semana","category-destaques-do-dia","category-ultima-hora"],"_links":{"self":[{"href":"https:\/\/diarioregionaldigital.com.br\/index.php?rest_route=\/wp\/v2\/posts\/229943","targetHints":{"allow":["GET"]}}],"collection":[{"href":"https:\/\/diarioregionaldigital.com.br\/index.php?rest_route=\/wp\/v2\/posts"}],"about":[{"href":"https:\/\/diarioregionaldigital.com.br\/index.php?rest_route=\/wp\/v2\/types\/post"}],"author":[{"embeddable":true,"href":"https:\/\/diarioregionaldigital.com.br\/index.php?rest_route=\/wp\/v2\/users\/246"}],"replies":[{"embeddable":true,"href":"https:\/\/diarioregionaldigital.com.br\/index.php?rest_route=%2Fwp%2Fv2%2Fcomments&post=229943"}],"version-history":[{"count":1,"href":"https:\/\/diarioregionaldigital.com.br\/index.php?rest_route=\/wp\/v2\/posts\/229943\/revisions"}],"predecessor-version":[{"id":229945,"href":"https:\/\/diarioregionaldigital.com.br\/index.php?rest_route=\/wp\/v2\/posts\/229943\/revisions\/229945"}],"wp:featuredmedia":[{"embeddable":true,"href":"https:\/\/diarioregionaldigital.com.br\/index.php?rest_route=\/wp\/v2\/media\/229944"}],"wp:attachment":[{"href":"https:\/\/diarioregionaldigital.com.br\/index.php?rest_route=%2Fwp%2Fv2%2Fmedia&parent=229943"}],"wp:term":[{"taxonomy":"category","embeddable":true,"href":"https:\/\/diarioregionaldigital.com.br\/index.php?rest_route=%2Fwp%2Fv2%2Fcategories&post=229943"},{"taxonomy":"post_tag","embeddable":true,"href":"https:\/\/diarioregionaldigital.com.br\/index.php?rest_route=%2Fwp%2Fv2%2Ftags&post=229943"}],"curies":[{"name":"wp","href":"https:\/\/api.w.org\/{rel}","templated":true}]}}