{"id":229934,"date":"2025-08-21T20:15:47","date_gmt":"2025-08-21T23:15:47","guid":{"rendered":"https:\/\/diarioregionaldigital.com.br\/?p=229934"},"modified":"2025-08-21T20:15:47","modified_gmt":"2025-08-21T23:15:47","slug":"governo-de-minas-anuncia-investimento-de-r-300-milhoes-para-transformar-a-saude-na-zona-da-mata","status":"publish","type":"post","link":"https:\/\/diarioregionaldigital.com.br\/?p=229934","title":{"rendered":"Governo de Minas anuncia investimento de R$ 300 milh\u00f5es para transformar a Sa\u00fade na Zona da Mata"},"content":{"rendered":"<p>O <a href=\"https:\/\/www.mg.gov.br\/\" target=\"_blank\" rel=\"noopener\">Governo de Minas<\/a> anunciou, nesta quinta-feira (21\/8), em Ub\u00e1, na Zona da Mata, o maior investimento j\u00e1 realizado em uma macrorregi\u00e3o de Sa\u00fade do estado. Ser\u00e3o R$ 300 milh\u00f5es destinados \u00e0 Macrorregi\u00e3o Sudeste, com\u00a094 munic\u00edpios, reafirmando o compromisso do Estado em garantir acesso mais \u00e1gil e qualificado aos servi\u00e7os de sa\u00fade, sobretudo no interior de Minas Gerais.<\/p>\n<p>Para que esse\u00a0investimento\u00a0fosse poss\u00edvel, o Governo de Minas elaborou um plano de investimentos com recursos direcionados, de acordo com as demandas de cada territ\u00f3rio e alinhados a pol\u00edticas estruturantes.<\/p>\n<p>O governador Romeu Zema, o vice-governador\u00a0Mateus Sim\u00f5es\u00a0e o secret\u00e1rio de Estado de <a href=\"https:\/\/www.saude.mg.gov.br\/\" target=\"_blank\" rel=\"noopener\">Sa\u00fade de Minas Gerais (SES-MG)<\/a>, F\u00e1bio Baccheretti, apresentaram as medidas em andamento a partir da destina\u00e7\u00e3o dos\u00a0recursos, como a redu\u00e7\u00e3o da fila de cirurgias eletivas, a expans\u00e3o da rede de Aten\u00e7\u00e3o Prim\u00e1ria \u00e0 Sa\u00fade, a entrega de equipamentos para exames e diagn\u00f3sticos e a amplia\u00e7\u00e3o da oferta de servi\u00e7os de m\u00e9dia complexidade nos munic\u00edpios.<\/p>\n<table border=\"0\" cellspacing=\"1\" cellpadding=\"1\" align=\"center\">\n<tbody>\n<tr>\n<td colspan=\"5\"><img decoding=\"async\" src=\"https:\/\/www.agenciaminas.mg.gov.br\/ckeditor_assets\/pictures\/20949\/content_2_olho_topo.jpg\" alt=\"\" \/><\/td>\n<\/tr>\n<tr>\n<td><\/td>\n<td colspan=\"3\" rowspan=\"3\">\n<h1><strong>&#8220;Queremos, cada vez mais, os atendimentos de sa\u00fade na porta da casa do mineiro. E isso est\u00e1 acontecendo em todas as regi\u00f5es do estado. Minas Gerais vai continuar entregando boas obras, com recurso garantido e empenhado\u201d, destacou o governador Romeu Zema.<\/strong><\/h1>\n<\/td>\n<td><\/td>\n<\/tr>\n<tr>\n<td><\/td>\n<td><\/td>\n<\/tr>\n<tr>\n<td><\/td>\n<td><\/td>\n<\/tr>\n<tr>\n<td colspan=\"5\"><img decoding=\"async\" src=\"https:\/\/www.agenciaminas.mg.gov.br\/ckeditor_assets\/pictures\/20950\/content_2_olho_inferior.jpg\" alt=\"\" \/><\/td>\n<\/tr>\n<\/tbody>\n<\/table>\n<p><strong>Plano de investimentos<\/strong><\/p>\n<p>O objetivo \u00e9 ampliar a resolutividade da assist\u00eancia em sa\u00fade, tanto em n\u00edvel macro quanto microrregional, fortalecendo a rede local, ampliando o acesso a partir da descentraliza\u00e7\u00e3o dos servi\u00e7os para as nove microrregi\u00f5es dentro da Macrorregi\u00e3o Sudeste, onde vivem 1,6 milh\u00e3o de pessoas, e melhorando a qualidade dos servi\u00e7os e garantindo respostas mais efetivas \u00e0s necessidades da popula\u00e7\u00e3o.<\/p>\n<p>Apenas em Ub\u00e1, est\u00e3o previstos cerca de R$ 22 milh\u00f5es em investimentos. O\u00a0vice-governador de Minas anunciou mais R$ 12 milh\u00f5es adicionais para a constru\u00e7\u00e3o de seis novas Unidades B\u00e1sicas de Sa\u00fade (UBS) na cidade.<\/p>\n<table border=\"0\" cellspacing=\"1\" cellpadding=\"1\" align=\"center\">\n<tbody>\n<tr>\n<td colspan=\"5\"><img decoding=\"async\" src=\"https:\/\/www.agenciaminas.mg.gov.br\/ckeditor_assets\/pictures\/20949\/content_2_olho_topo.jpg\" alt=\"\" \/><\/td>\n<\/tr>\n<tr>\n<td><\/td>\n<td colspan=\"3\" rowspan=\"3\">\n<h1><strong>&#8220;S\u00e3o investimentos que nunca haviam sido feitos na Zona da Mata. Todo o recurso j\u00e1 est\u00e1 garantido, sem promessas, para aplica\u00e7\u00e3o imediata. Isso significa mais gente saud\u00e1vel, menos custos para o munic\u00edpio e mais qualidade de vida para os mineiros&#8221;, pontuou Mateus Sim\u00f5es.<\/strong><\/h1>\n<\/td>\n<td><\/td>\n<\/tr>\n<tr>\n<td><\/td>\n<td><\/td>\n<\/tr>\n<tr>\n<td><\/td>\n<td><\/td>\n<\/tr>\n<tr>\n<td colspan=\"5\"><img decoding=\"async\" src=\"https:\/\/www.agenciaminas.mg.gov.br\/ckeditor_assets\/pictures\/20950\/content_2_olho_inferior.jpg\" alt=\"\" \/><\/td>\n<\/tr>\n<\/tbody>\n<\/table>\n<p>Tamb\u00e9m em Ub\u00e1, est\u00e3o sendo constru\u00eddas tr\u00eas Unidades B\u00e1sicas de Sa\u00fade (UBS), nos bairros Solar de Ub\u00e1, Cibraci e S\u00e3o Jo\u00e3o. Minas j\u00e1 investiu R$ 7,6 milh\u00f5es na constru\u00e7\u00e3o das unidades, que, juntas, ter\u00e3o capacidade de atender 18 mil pessoas.<\/p>\n<p>Os investimentos incluem tamb\u00e9m\u00a0R$ 5 milh\u00f5es para o Transporta SUS, um\u00a0repasse para zerar o d\u00e9ficit de assentos de transporte sanit\u00e1rio eletivo,\u00a0e R$ 10 milh\u00f5es para fortalecimento estrat\u00e9gico dos cons\u00f3rcios intermunicipais de sa\u00fade.<\/p>\n<table border=\"0\" cellspacing=\"1\" cellpadding=\"1\" align=\"center\">\n<tbody>\n<tr>\n<td colspan=\"5\"><img decoding=\"async\" src=\"https:\/\/www.agenciaminas.mg.gov.br\/ckeditor_assets\/pictures\/20949\/content_2_olho_topo.jpg\" alt=\"\" \/><\/td>\n<\/tr>\n<tr>\n<td><\/td>\n<td colspan=\"3\" rowspan=\"3\">\n<h1><strong>&#8220;Estamos iniciando uma grande transforma\u00e7\u00e3o na Sa\u00fade da Zona da Mata. Queremos que cada microrregi\u00e3o passe a atender a popula\u00e7\u00e3o com qualidade, levando a sa\u00fade para mais perto das pessoas&#8221;, refor\u00e7ou\u00a0o secret\u00e1rio F\u00e1bio Baccheretti.<\/strong><\/h1>\n<\/td>\n<td><\/td>\n<\/tr>\n<tr>\n<td><\/td>\n<td><\/td>\n<\/tr>\n<tr>\n<td><\/td>\n<td><\/td>\n<\/tr>\n<tr>\n<td colspan=\"5\"><img decoding=\"async\" src=\"https:\/\/www.agenciaminas.mg.gov.br\/ckeditor_assets\/pictures\/20950\/content_2_olho_inferior.jpg\" alt=\"\" \/><\/td>\n<\/tr>\n<\/tbody>\n<\/table>\n<p><strong>Novo hospital em Juiz de Fora<\/strong><\/p>\n<p>J\u00e1 Juiz de Fora, cuja microrregi\u00e3o de Sa\u00fade conta com cerca de 593 mil habitantes beneficiados, receber\u00e1 R$ 174 milh\u00f5es em investimentos para a sa\u00fade. Os recursos contemplam aquisi\u00e7\u00e3o de equipamentos de alta tecnologia, melhorias em servi\u00e7os de m\u00e9dia e alta complexidade, al\u00e9m da constru\u00e7\u00e3o de um novo Hospital de Pronto-Socorro (HPS), com aporte de R$ 65 milh\u00f5es, substituindo o HPS Dr. Mozart Teixeira.<\/p>\n<p><strong>Valores para as demais microrregi\u00f5es<\/strong><br \/>\n<img decoding=\"async\" src=\"https:\/\/www.agenciaminas.mg.gov.br\/ckeditor_assets\/pictures\/23316\/content_macrorregiao_sudeste_ses-mg.jpeg\" alt=\"\" \/><\/p>\n<p><strong>Ganhos para a regi\u00e3o<\/strong><\/p>\n<p>O investimento anunciado pelo Governo de Minas vai representar ganhos assistenciais significativos para os munic\u00edpios da regi\u00e3o, como a aquisi\u00e7\u00e3o de equipamento para Unidade de Terapia Intensiva (UTI) Neonatal e leitos de cuidados intermedi\u00e1rios para aumento da capacidade de atendimento e amplia\u00e7\u00e3o do acesso.<\/p>\n<p>Os investimentos tamb\u00e9m ser\u00e3o direcionados para adquirir equipamentos hospitalares de maior densidade tecnol\u00f3gica, que permitam oferecer servi\u00e7os de alta complexidade de ortopedia e traumatologia, para aquisi\u00e7\u00e3o de equipamentos para qualifica\u00e7\u00e3o dos servi\u00e7os de imagem e apoio e diagn\u00f3stico terap\u00eautico, al\u00e9m da constru\u00e7\u00e3o de Unidade de Pronto-Atendimento (UPA) para qualifica\u00e7\u00e3o da rede de Urg\u00eancia e Emerg\u00eancia, por meio do atendimento pr\u00e9-hospitalar.<\/p>\n<p>&nbsp;<\/p>\n<p>Fonte: Ag\u00eancia Minas<\/p>\n","protected":false},"excerpt":{"rendered":"<p>O Governo de Minas anunciou, nesta quinta-feira (21\/8), em Ub\u00e1, na Zona da Mata, o maior investimento j\u00e1 realizado em uma macrorregi\u00e3o de Sa\u00fade do estado. Ser\u00e3o R$ 300 milh\u00f5es destinados \u00e0 Macrorregi\u00e3o Sudeste, com\u00a094 munic\u00edpios, reafirmando o compromisso do Estado em garantir acesso mais \u00e1gil e qualificado aos servi\u00e7os de sa\u00fade, sobretudo no interior [&hellip;]<\/p>\n","protected":false},"author":246,"featured_media":229935,"comment_status":"closed","ping_status":"closed","sticky":false,"template":"","format":"standard","meta":{"footnotes":""},"categories":[436,440,261,254,439],"tags":[],"class_list":["post-229934","post","type-post","status-publish","format-standard","has-post-thumbnail","hentry","category-destaque-da-semana","category-destaques-do-dia","category-economia","category-politica","category-ultima-hora"],"_links":{"self":[{"href":"https:\/\/diarioregionaldigital.com.br\/index.php?rest_route=\/wp\/v2\/posts\/229934","targetHints":{"allow":["GET"]}}],"collection":[{"href":"https:\/\/diarioregionaldigital.com.br\/index.php?rest_route=\/wp\/v2\/posts"}],"about":[{"href":"https:\/\/diarioregionaldigital.com.br\/index.php?rest_route=\/wp\/v2\/types\/post"}],"author":[{"embeddable":true,"href":"https:\/\/diarioregionaldigital.com.br\/index.php?rest_route=\/wp\/v2\/users\/246"}],"replies":[{"embeddable":true,"href":"https:\/\/diarioregionaldigital.com.br\/index.php?rest_route=%2Fwp%2Fv2%2Fcomments&post=229934"}],"version-history":[{"count":1,"href":"https:\/\/diarioregionaldigital.com.br\/index.php?rest_route=\/wp\/v2\/posts\/229934\/revisions"}],"predecessor-version":[{"id":229936,"href":"https:\/\/diarioregionaldigital.com.br\/index.php?rest_route=\/wp\/v2\/posts\/229934\/revisions\/229936"}],"wp:featuredmedia":[{"embeddable":true,"href":"https:\/\/diarioregionaldigital.com.br\/index.php?rest_route=\/wp\/v2\/media\/229935"}],"wp:attachment":[{"href":"https:\/\/diarioregionaldigital.com.br\/index.php?rest_route=%2Fwp%2Fv2%2Fmedia&parent=229934"}],"wp:term":[{"taxonomy":"category","embeddable":true,"href":"https:\/\/diarioregionaldigital.com.br\/index.php?rest_route=%2Fwp%2Fv2%2Fcategories&post=229934"},{"taxonomy":"post_tag","embeddable":true,"href":"https:\/\/diarioregionaldigital.com.br\/index.php?rest_route=%2Fwp%2Fv2%2Ftags&post=229934"}],"curies":[{"name":"wp","href":"https:\/\/api.w.org\/{rel}","templated":true}]}}