{"id":229931,"date":"2025-08-20T15:58:10","date_gmt":"2025-08-20T18:58:10","guid":{"rendered":"https:\/\/diarioregionaldigital.com.br\/?p=229931"},"modified":"2025-08-20T15:58:10","modified_gmt":"2025-08-20T18:58:10","slug":"produtores-do-apl-do-queijo-minas-do-caminho-novo-comemoram-resultado-de-vendas-no-harmoniza-jf-2025","status":"publish","type":"post","link":"https:\/\/diarioregionaldigital.com.br\/?p=229931","title":{"rendered":"Produtores do APL do Queijo Minas do Caminho Novo comemoram resultado de vendas no Harmoniza JF 2025"},"content":{"rendered":"<p>Segundo informa\u00e7\u00f5es do site da Prefeitura de Juiz de Fora (PJF), os produtores do Arranjo Produtivo Local (APL) do Queijo Minas do Caminho Novo comemoram o expressivo resultado obtido no Harmoniza JF 2025, evento que reuniu vinhos, queijos, gastronomia e m\u00fasica em Juiz de Fora. O grupo de oito produtores registrou um faturamento tr\u00eas vezes maior em rela\u00e7\u00e3o \u00e0 edi\u00e7\u00e3o de 2024, confirmando o fortalecimento da produ\u00e7\u00e3o regional e a valoriza\u00e7\u00e3o da identidade cultural e econ\u00f4mica do setor.<\/p>\n<div id=\"box_texto_noticia\">\n<p>Segundo o produtor Gilmar Pandel\u00f3, da marca Sabor da Jersey, a presen\u00e7a no evento consolida a proximidade com o consumidor.\u00a0\u201c\u00c9 a segunda vez que nossa fam\u00edlia participa do Harmoniza. Ano passado as vendas j\u00e1 foram muito boas, mas este ano superou todas as nossas expectativas: triplicamos o faturamento. O mais importante \u00e9 que o p\u00fablico j\u00e1 reconhece a nossa marca, chega identificando quem somos. A cada evento, mais pessoas passam a nos conhecer, e isso faz toda a diferen\u00e7a.\u201d<\/p>\n<p>Para o produtor Igor Rocha, o engajamento do p\u00fablico foi decisivo.\u00a0\u201cO evento superou as nossas expectativas. Tivemos um p\u00fablico intenso, que trouxe uma energia contagiante. As vendas ficaram dentro do que projetamos, o que demonstra a for\u00e7a da nossa comunidade e a import\u00e2ncia de continuarmos investindo em iniciativas de qualidade como essa.\u201d<\/p>\n<p>A Secret\u00e1ria de Desenvolvimento Agr\u00e1rio, Valdeane Cerqueira, destacou a relev\u00e2ncia do resultado para a economia local.\u00a0\u201cTriplicar o faturamento em apenas um ano \u00e9 prova da qualidade dos nossos produtos. Cada movimento que fazemos para fortalecer essa cadeia faz a diferen\u00e7a para os produtores. Vamos buscar novas parcerias para ampliar eventos como este, que geram oportunidades, movimentam a economia e valorizam os queijos produzidos com tanto carinho e dedica\u00e7\u00e3o.\u201d<\/p>\n<p>O Harmoniza JF 2025 foi realizado pela Vila Brasil, com incentivo da Prefeitura de Juiz de Fora (PJF), Supermercados BH, Jardim Norte, Sindicato Rural, Sistema FAEMG\/SENAR e emenda parlamentar do vereador Marlon Siqueira. A programa\u00e7\u00e3o incluiu workshops de harmoniza\u00e7\u00e3o de vinhos e queijos, conduzidos pelo professor Nelson Tenchini, do Instituto de Latic\u00ednios C\u00e2ndido Tostes (EPAMIG\/ILCT), e uma Cozinha Show com a chef e consultora gastron\u00f4mica da Don T\u00falio, \u00darsula Guedes.<\/p>\n<\/div>\n<p>&nbsp;<\/p>\n","protected":false},"excerpt":{"rendered":"<p>Segundo informa\u00e7\u00f5es do site da Prefeitura de Juiz de Fora (PJF), os produtores do Arranjo Produtivo Local (APL) do Queijo Minas do Caminho Novo comemoram o expressivo resultado obtido no Harmoniza JF 2025, evento que reuniu vinhos, queijos, gastronomia e m\u00fasica em Juiz de Fora. O grupo de oito produtores registrou um faturamento tr\u00eas vezes [&hellip;]<\/p>\n","protected":false},"author":246,"featured_media":229932,"comment_status":"closed","ping_status":"closed","sticky":false,"template":"","format":"standard","meta":{"footnotes":""},"categories":[253,436,439],"tags":[],"class_list":["post-229931","post","type-post","status-publish","format-standard","has-post-thumbnail","hentry","category-cidade","category-destaque-da-semana","category-ultima-hora"],"_links":{"self":[{"href":"https:\/\/diarioregionaldigital.com.br\/index.php?rest_route=\/wp\/v2\/posts\/229931","targetHints":{"allow":["GET"]}}],"collection":[{"href":"https:\/\/diarioregionaldigital.com.br\/index.php?rest_route=\/wp\/v2\/posts"}],"about":[{"href":"https:\/\/diarioregionaldigital.com.br\/index.php?rest_route=\/wp\/v2\/types\/post"}],"author":[{"embeddable":true,"href":"https:\/\/diarioregionaldigital.com.br\/index.php?rest_route=\/wp\/v2\/users\/246"}],"replies":[{"embeddable":true,"href":"https:\/\/diarioregionaldigital.com.br\/index.php?rest_route=%2Fwp%2Fv2%2Fcomments&post=229931"}],"version-history":[{"count":1,"href":"https:\/\/diarioregionaldigital.com.br\/index.php?rest_route=\/wp\/v2\/posts\/229931\/revisions"}],"predecessor-version":[{"id":229933,"href":"https:\/\/diarioregionaldigital.com.br\/index.php?rest_route=\/wp\/v2\/posts\/229931\/revisions\/229933"}],"wp:featuredmedia":[{"embeddable":true,"href":"https:\/\/diarioregionaldigital.com.br\/index.php?rest_route=\/wp\/v2\/media\/229932"}],"wp:attachment":[{"href":"https:\/\/diarioregionaldigital.com.br\/index.php?rest_route=%2Fwp%2Fv2%2Fmedia&parent=229931"}],"wp:term":[{"taxonomy":"category","embeddable":true,"href":"https:\/\/diarioregionaldigital.com.br\/index.php?rest_route=%2Fwp%2Fv2%2Fcategories&post=229931"},{"taxonomy":"post_tag","embeddable":true,"href":"https:\/\/diarioregionaldigital.com.br\/index.php?rest_route=%2Fwp%2Fv2%2Ftags&post=229931"}],"curies":[{"name":"wp","href":"https:\/\/api.w.org\/{rel}","templated":true}]}}