{"id":229928,"date":"2025-08-20T15:57:18","date_gmt":"2025-08-20T18:57:18","guid":{"rendered":"https:\/\/diarioregionaldigital.com.br\/?p=229928"},"modified":"2025-08-20T15:57:18","modified_gmt":"2025-08-20T18:57:18","slug":"inscricoes-abertas-para-o-projeto-caminhada-noturna-no-parque-do-museu-mariano-procopio","status":"publish","type":"post","link":"https:\/\/diarioregionaldigital.com.br\/?p=229928","title":{"rendered":"Inscri\u00e7\u00f5es abertas para o projeto \u201cCaminhada Noturna\u201d no Parque do Museu Mariano Proc\u00f3pio"},"content":{"rendered":"<p>Segundo informa\u00e7\u00f5es do site da Prefeitura de Juiz de Fora (PJF),\u00a0 est\u00e3o abertas as inscri\u00e7\u00f5es para os interessados em fazer parte do projeto \u201cCaminhada Noturna\u201d, no Parque do Museu Mariano Proc\u00f3pio. O projeto consiste em liberar o acesso ao local, para pr\u00e1tica esportiva, ap\u00f3s o fechamento dos port\u00f5es. Os participantes poder\u00e3o se exercitar no Parque das 18h \u00e0s 20h, de ter\u00e7a a sexta-feira. Al\u00e9m disso, todas as ter\u00e7as e quintas, uma professora de educa\u00e7\u00e3o f\u00edsica da Secretaria de Esportes e Lazer estar\u00e1 presente para passar orienta\u00e7\u00f5es, dicas e alongamentos aos interessados.<\/p>\n<p>O projeto n\u00e3o tem restri\u00e7\u00e3o de idade e \u00e9 totalmente gratuito. Para fazer sua inscri\u00e7\u00e3o basta comparecer \u00e0 sede administrativa do Museu Mariano Proc\u00f3pio, que fica localizada na Rua Dom Pedro II, 350, e apresentar um comprovante de resid\u00eancia, documento oficial com foto, CPF, e duas fotos 3&#215;4.<\/p>\n<p>O Parque do Museu Mariano Proc\u00f3pio foi constru\u00eddo em meados do s\u00e9culo XIX e possui uma \u00e1rea de 78.240 m\u00b2. Os participantes do projeto estar\u00e3o em contato com uma diversidade de flores, \u00e1rvores, animais e, ainda, podem contemplar o espelho d\u2019\u00e1gua durante a caminhada. Tudo isso com mais seguran\u00e7a e conforto para a pr\u00e1tica da atividade f\u00edsica. A entrada para o Parque fica localizada na Rua Mariano Proc\u00f3pio, 1100.<\/p>\n","protected":false},"excerpt":{"rendered":"<p>Segundo informa\u00e7\u00f5es do site da Prefeitura de Juiz de Fora (PJF),\u00a0 est\u00e3o abertas as inscri\u00e7\u00f5es para os interessados em fazer parte do projeto \u201cCaminhada Noturna\u201d, no Parque do Museu Mariano Proc\u00f3pio. O projeto consiste em liberar o acesso ao local, para pr\u00e1tica esportiva, ap\u00f3s o fechamento dos port\u00f5es. Os participantes poder\u00e3o se exercitar no Parque [&hellip;]<\/p>\n","protected":false},"author":246,"featured_media":229929,"comment_status":"closed","ping_status":"closed","sticky":false,"template":"","format":"standard","meta":{"footnotes":""},"categories":[253,436,440,439],"tags":[],"class_list":["post-229928","post","type-post","status-publish","format-standard","has-post-thumbnail","hentry","category-cidade","category-destaque-da-semana","category-destaques-do-dia","category-ultima-hora"],"_links":{"self":[{"href":"https:\/\/diarioregionaldigital.com.br\/index.php?rest_route=\/wp\/v2\/posts\/229928","targetHints":{"allow":["GET"]}}],"collection":[{"href":"https:\/\/diarioregionaldigital.com.br\/index.php?rest_route=\/wp\/v2\/posts"}],"about":[{"href":"https:\/\/diarioregionaldigital.com.br\/index.php?rest_route=\/wp\/v2\/types\/post"}],"author":[{"embeddable":true,"href":"https:\/\/diarioregionaldigital.com.br\/index.php?rest_route=\/wp\/v2\/users\/246"}],"replies":[{"embeddable":true,"href":"https:\/\/diarioregionaldigital.com.br\/index.php?rest_route=%2Fwp%2Fv2%2Fcomments&post=229928"}],"version-history":[{"count":1,"href":"https:\/\/diarioregionaldigital.com.br\/index.php?rest_route=\/wp\/v2\/posts\/229928\/revisions"}],"predecessor-version":[{"id":229930,"href":"https:\/\/diarioregionaldigital.com.br\/index.php?rest_route=\/wp\/v2\/posts\/229928\/revisions\/229930"}],"wp:featuredmedia":[{"embeddable":true,"href":"https:\/\/diarioregionaldigital.com.br\/index.php?rest_route=\/wp\/v2\/media\/229929"}],"wp:attachment":[{"href":"https:\/\/diarioregionaldigital.com.br\/index.php?rest_route=%2Fwp%2Fv2%2Fmedia&parent=229928"}],"wp:term":[{"taxonomy":"category","embeddable":true,"href":"https:\/\/diarioregionaldigital.com.br\/index.php?rest_route=%2Fwp%2Fv2%2Fcategories&post=229928"},{"taxonomy":"post_tag","embeddable":true,"href":"https:\/\/diarioregionaldigital.com.br\/index.php?rest_route=%2Fwp%2Fv2%2Ftags&post=229928"}],"curies":[{"name":"wp","href":"https:\/\/api.w.org\/{rel}","templated":true}]}}