{"id":229891,"date":"2025-08-19T13:59:12","date_gmt":"2025-08-19T16:59:12","guid":{"rendered":"https:\/\/diarioregionaldigital.com.br\/?p=229891"},"modified":"2025-08-19T13:59:12","modified_gmt":"2025-08-19T16:59:12","slug":"extrato-de-contrato-054-2025-19-08-2025","status":"publish","type":"post","link":"https:\/\/diarioregionaldigital.com.br\/?p=229891","title":{"rendered":"EXTRATO DE CONTRATO 054\/2025 &#8211; 19\/08\/2025"},"content":{"rendered":"<p class=\"s2\">\n<p class=\"s4\"><span class=\"s3\"><span class=\"bumpedFont17\">EXTRATO DE CONTRATO<\/span><\/span><span class=\"s3\"><span class=\"bumpedFont17\"> 0<\/span><\/span><span class=\"s3\"><span class=\"bumpedFont17\">5<\/span><\/span><span class=\"s3\"><span class=\"bumpedFont17\">4<\/span><\/span><span class=\"s3\"><span class=\"bumpedFont17\">\/2025<\/span><\/span><\/p>\n<p class=\"s4\">\n<p class=\"s5\"><span class=\"s3\"><span class=\"bumpedFont17\">Pref. Municipal de Descoberto x<\/span><\/span><span class=\"s3\"><span class=\"bumpedFont17\"> CONFIAN\u00c7A PRESTA\u00c7\u00c3O DE SERVI\u00c7OS LTDA <\/span><\/span><span class=\"s3\"><span class=\"bumpedFont17\">\u2013<\/span><\/span> <span class=\"s3\"><span class=\"bumpedFont17\">Objeto:<\/span><\/span> <span class=\"s3\"><span class=\"bumpedFont17\">Contrata\u00e7\u00e3o <\/span><\/span><span class=\"s3\"><span class=\"bumpedFont17\">de empresa especializada para presta\u00e7\u00e3o de servi\u00e7o de controle integrado de pragas urbanas, englobando dedetiza\u00e7\u00e3o, desratiza\u00e7\u00e3o, incluindo o material e o servi\u00e7o, conforme a necessidade dos setores vinculados ao Departamento Municipal de Educa\u00e7\u00e3o<\/span><\/span> <span class=\"s3\"><span class=\"bumpedFont17\">&#8211; <\/span><\/span><span class=\"s3\"><span class=\"bumpedFont17\">Valor: <\/span><\/span><span class=\"s3\"><span class=\"bumpedFont17\">R$<\/span><\/span> <span class=\"s3\"><span class=\"bumpedFont17\">3.110,00<\/span><\/span> <span class=\"s3\"><span class=\"bumpedFont17\">&#8211; <\/span><\/span><span class=\"s3\"><span class=\"bumpedFont17\">Vig\u00eancia:<\/span><\/span><span class=\"s3\"><span class=\"bumpedFont17\">01 m\u00eas<\/span><\/span> <span class=\"s3\"><span class=\"bumpedFont17\">&#8211;<\/span><\/span> <span class=\"s3\"><span class=\"bumpedFont17\">Dot<\/span><\/span> <span class=\"s3\"><span class=\"bumpedFont17\">or\u00e7<\/span><\/span><span class=\"s3\"><span class=\"bumpedFont17\">:<\/span><\/span><span class=\"s3\"><span class=\"bumpedFont17\">02.004.001.12.122.0002.2032.000048.339039.00\/1500<\/span><\/span> <span class=\"s3\"><span class=\"bumpedFont17\">&#8211; <\/span><\/span><span class=\"s3\"><span class=\"bumpedFont17\">Ass<\/span><\/span><span class=\"s3\"><span class=\"bumpedFont17\">:<\/span><\/span><span class=\"s3\"><span class=\"bumpedFont17\">19\/08\/2025<\/span><\/span> <span class=\"s3\"><span class=\"bumpedFont17\">&#8211; Foro: S\u00e3o Jo\u00e3o Nepomuceno\/MG.<\/span><\/span><\/p>\n<p class=\"s5\">\n<p class=\"s5\">\n<p class=\"s5\">\n<p class=\"s4\">\n<p class=\"s4\"><span class=\"s3\"><span class=\"bumpedFont17\">Lu\u00eds Fernando de Oliveira<\/span><\/span><\/p>\n<p class=\"s4\"><span class=\"s3\"><span class=\"bumpedFont17\">Prefeito <\/span><\/span><span class=\"s3\"><span class=\"bumpedFont17\">Municipal<\/span><\/span><\/p>\n<p class=\"s4\">\n<p class=\"s4\">\n","protected":false},"excerpt":{"rendered":"<p>EXTRATO DE CONTRATO 054\/2025 Pref. Municipal de Descoberto x CONFIAN\u00c7A PRESTA\u00c7\u00c3O DE SERVI\u00c7OS LTDA \u2013 Objeto: Contrata\u00e7\u00e3o de empresa especializada para presta\u00e7\u00e3o de servi\u00e7o de controle integrado de pragas urbanas, englobando dedetiza\u00e7\u00e3o, desratiza\u00e7\u00e3o, incluindo o material e o servi\u00e7o, conforme a necessidade dos setores vinculados ao Departamento Municipal de Educa\u00e7\u00e3o &#8211; Valor: R$ 3.110,00 &#8211; [&hellip;]<\/p>\n","protected":false},"author":246,"featured_media":0,"comment_status":"closed","ping_status":"closed","sticky":false,"template":"","format":"standard","meta":{"footnotes":""},"categories":[307],"tags":[],"class_list":["post-229891","post","type-post","status-publish","format-standard","hentry","category-editais"],"_links":{"self":[{"href":"https:\/\/diarioregionaldigital.com.br\/index.php?rest_route=\/wp\/v2\/posts\/229891","targetHints":{"allow":["GET"]}}],"collection":[{"href":"https:\/\/diarioregionaldigital.com.br\/index.php?rest_route=\/wp\/v2\/posts"}],"about":[{"href":"https:\/\/diarioregionaldigital.com.br\/index.php?rest_route=\/wp\/v2\/types\/post"}],"author":[{"embeddable":true,"href":"https:\/\/diarioregionaldigital.com.br\/index.php?rest_route=\/wp\/v2\/users\/246"}],"replies":[{"embeddable":true,"href":"https:\/\/diarioregionaldigital.com.br\/index.php?rest_route=%2Fwp%2Fv2%2Fcomments&post=229891"}],"version-history":[{"count":1,"href":"https:\/\/diarioregionaldigital.com.br\/index.php?rest_route=\/wp\/v2\/posts\/229891\/revisions"}],"predecessor-version":[{"id":229892,"href":"https:\/\/diarioregionaldigital.com.br\/index.php?rest_route=\/wp\/v2\/posts\/229891\/revisions\/229892"}],"wp:attachment":[{"href":"https:\/\/diarioregionaldigital.com.br\/index.php?rest_route=%2Fwp%2Fv2%2Fmedia&parent=229891"}],"wp:term":[{"taxonomy":"category","embeddable":true,"href":"https:\/\/diarioregionaldigital.com.br\/index.php?rest_route=%2Fwp%2Fv2%2Fcategories&post=229891"},{"taxonomy":"post_tag","embeddable":true,"href":"https:\/\/diarioregionaldigital.com.br\/index.php?rest_route=%2Fwp%2Fv2%2Ftags&post=229891"}],"curies":[{"name":"wp","href":"https:\/\/api.w.org\/{rel}","templated":true}]}}