{"id":229887,"date":"2025-08-19T13:58:13","date_gmt":"2025-08-19T16:58:13","guid":{"rendered":"https:\/\/diarioregionaldigital.com.br\/?p=229887"},"modified":"2025-08-19T13:58:13","modified_gmt":"2025-08-19T16:58:13","slug":"extrato-de-contrato-052-2025-19-08-2025","status":"publish","type":"post","link":"https:\/\/diarioregionaldigital.com.br\/?p=229887","title":{"rendered":"EXTRATO DE CONTRATO 052\/2025 &#8211; 19\/08\/2025"},"content":{"rendered":"<p class=\"s2\">\n<p class=\"s4\"><span class=\"s3\"><span class=\"bumpedFont17\">EXTRATO DE CONTRATO<\/span><\/span><span class=\"s3\"><span class=\"bumpedFont17\"> 0<\/span><\/span><span class=\"s3\"><span class=\"bumpedFont17\">5<\/span><\/span><span class=\"s3\"><span class=\"bumpedFont17\">2<\/span><\/span><span class=\"s3\"><span class=\"bumpedFont17\">\/2025<\/span><\/span><\/p>\n<p class=\"s4\">\n<p class=\"s6\"><span class=\"s3\"><span class=\"bumpedFont17\">Pref. Municipal de Descoberto x<\/span><\/span> <span class=\"s3\"><span class=\"bumpedFont17\">ELETRIFICA\u00c7\u00c3O &amp; SERVI\u00c7OS DE MURIA\u00c9<\/span><\/span><span class=\"s3\"><span class=\"bumpedFont17\"> LTDA<\/span><\/span> <span class=\"s3\"><span class=\"bumpedFont17\">\u2013<\/span><\/span> <span class=\"s3\"><span class=\"bumpedFont17\">Objeto:<\/span><\/span> <span class=\"s3\"><span class=\"bumpedFont17\">C<\/span><\/span><span class=\"s3\"><span class=\"bumpedFont17\">ontrata\u00e7\u00e3o de empresa<\/span><\/span> <span class=\"s3\"><span class=\"bumpedFont17\">especializada para a presta\u00e7\u00e3o de servi\u00e7os de engenharia el\u00e9trica, compreendendo a elabora\u00e7\u00e3o de projeto el\u00e9trico e a execu\u00e7\u00e3o de extens\u00e3o de rede de distribui\u00e7\u00e3o de energia el\u00e9trica em \u00e1rea urbana\/rural do munic\u00edpio, para o setor de Obras da Prefeitura Municipal de Descoberto<\/span><\/span> <span class=\"s3\"><span class=\"bumpedFont17\">&#8211; <\/span><\/span><span class=\"s3\"><span class=\"bumpedFont17\">Valor: <\/span><\/span><span class=\"s3\"><span class=\"bumpedFont17\">R$<\/span><\/span> <span class=\"s3\"><span class=\"bumpedFont17\">133.00,00<\/span><\/span> <span class=\"s3\"><span class=\"bumpedFont17\">&#8211; <\/span><\/span><span class=\"s3\"><span class=\"bumpedFont17\">Vig\u00eancia:<\/span><\/span> <span class=\"s3\"><span class=\"bumpedFont17\">12 meses<\/span><\/span> <span class=\"s3\"><span class=\"bumpedFont17\">&#8211; <\/span><\/span><span class=\"s3\"><span class=\"bumpedFont17\">Dot<\/span><\/span> <span class=\"s3\"><span class=\"bumpedFont17\">or\u00e7<\/span><\/span><span class=\"s3\"><span class=\"bumpedFont17\">:<\/span><\/span><span class=\"s3\"><span class=\"bumpedFont17\">02.006.000.25.752.0010.2.120.000019.339039.00<\/span><\/span><span class=\"s3\"><span class=\"bumpedFont17\">\/1751<\/span><\/span><span class=\"s3\"><span class=\"bumpedFont17\">&#8211; <\/span><\/span><span class=\"s3\"><span class=\"bumpedFont17\">Ass<\/span><\/span><span class=\"s3\"><span class=\"bumpedFont17\">:<\/span><\/span><span class=\"s3\"><span class=\"bumpedFont17\">19\/08\/2025<\/span><\/span> <span class=\"s3\"><span class=\"bumpedFont17\">&#8211; Foro: S\u00e3o Jo\u00e3o Nepomuceno\/MG.<\/span><\/span><\/p>\n<p class=\"s6\">\n<p class=\"s6\">\n<p class=\"s6\">\n<p class=\"s4\">\n<p class=\"s4\"><span class=\"s3\"><span class=\"bumpedFont17\">Lu\u00eds Fernando de Oliveira<\/span><\/span><\/p>\n<p class=\"s4\"><span class=\"s3\"><span class=\"bumpedFont17\">Prefeito <\/span><\/span><span class=\"s3\"><span class=\"bumpedFont17\">Municipal<\/span><\/span><\/p>\n<p class=\"s4\">\n<p class=\"s4\">\n","protected":false},"excerpt":{"rendered":"<p>EXTRATO DE CONTRATO 052\/2025 Pref. Municipal de Descoberto x ELETRIFICA\u00c7\u00c3O &amp; SERVI\u00c7OS DE MURIA\u00c9 LTDA \u2013 Objeto: Contrata\u00e7\u00e3o de empresa especializada para a presta\u00e7\u00e3o de servi\u00e7os de engenharia el\u00e9trica, compreendendo a elabora\u00e7\u00e3o de projeto el\u00e9trico e a execu\u00e7\u00e3o de extens\u00e3o de rede de distribui\u00e7\u00e3o de energia el\u00e9trica em \u00e1rea urbana\/rural do munic\u00edpio, para o setor [&hellip;]<\/p>\n","protected":false},"author":246,"featured_media":0,"comment_status":"closed","ping_status":"closed","sticky":false,"template":"","format":"standard","meta":{"footnotes":""},"categories":[307],"tags":[],"class_list":["post-229887","post","type-post","status-publish","format-standard","hentry","category-editais"],"_links":{"self":[{"href":"https:\/\/diarioregionaldigital.com.br\/index.php?rest_route=\/wp\/v2\/posts\/229887","targetHints":{"allow":["GET"]}}],"collection":[{"href":"https:\/\/diarioregionaldigital.com.br\/index.php?rest_route=\/wp\/v2\/posts"}],"about":[{"href":"https:\/\/diarioregionaldigital.com.br\/index.php?rest_route=\/wp\/v2\/types\/post"}],"author":[{"embeddable":true,"href":"https:\/\/diarioregionaldigital.com.br\/index.php?rest_route=\/wp\/v2\/users\/246"}],"replies":[{"embeddable":true,"href":"https:\/\/diarioregionaldigital.com.br\/index.php?rest_route=%2Fwp%2Fv2%2Fcomments&post=229887"}],"version-history":[{"count":1,"href":"https:\/\/diarioregionaldigital.com.br\/index.php?rest_route=\/wp\/v2\/posts\/229887\/revisions"}],"predecessor-version":[{"id":229888,"href":"https:\/\/diarioregionaldigital.com.br\/index.php?rest_route=\/wp\/v2\/posts\/229887\/revisions\/229888"}],"wp:attachment":[{"href":"https:\/\/diarioregionaldigital.com.br\/index.php?rest_route=%2Fwp%2Fv2%2Fmedia&parent=229887"}],"wp:term":[{"taxonomy":"category","embeddable":true,"href":"https:\/\/diarioregionaldigital.com.br\/index.php?rest_route=%2Fwp%2Fv2%2Fcategories&post=229887"},{"taxonomy":"post_tag","embeddable":true,"href":"https:\/\/diarioregionaldigital.com.br\/index.php?rest_route=%2Fwp%2Fv2%2Ftags&post=229887"}],"curies":[{"name":"wp","href":"https:\/\/api.w.org\/{rel}","templated":true}]}}