{"id":229880,"date":"2025-08-18T20:19:20","date_gmt":"2025-08-18T23:19:20","guid":{"rendered":"https:\/\/diarioregionaldigital.com.br\/?p=229880"},"modified":"2025-08-18T20:19:20","modified_gmt":"2025-08-18T23:19:20","slug":"fiscalizacao-apreende-mais-de-500-materiais-irregulares-em-operacao-comercio-legal","status":"publish","type":"post","link":"https:\/\/diarioregionaldigital.com.br\/?p=229880","title":{"rendered":"Fiscaliza\u00e7\u00e3o apreende mais de 500 materiais irregulares em opera\u00e7\u00e3o \u201cCom\u00e9rcio Legal\u201d"},"content":{"rendered":"<p>Segundo informa\u00e7\u00f5es do site da Prefeitura de Juiz de Fora (PJF), a PJF, por meio Fiscaliza\u00e7\u00e3o da Secretaria de Desenvolvimento Urbano com Participa\u00e7\u00e3o Popular (Sedupp), realizou a apreens\u00e3o de mais de 500 materiais irregulares na \u00faltima sexta-feira,15. A a\u00e7\u00e3o faz parte da opera\u00e7\u00e3o \u201cCom\u00e9rcio Legal\u201d, que tem como objetivo combater a pr\u00e1tica do com\u00e9rcio irregular no Centro de Juiz de Fora.<\/p>\n<p>Na a\u00e7\u00e3o, a fiscaliza\u00e7\u00e3o apreendeu 287 caixas de morangos, nove chips de telefonia, 81 \u00f3culos e 148 pe\u00e7as de roupas que estavam sendo comercializados irregularmente. A opera\u00e7\u00e3o \u201cCom\u00e9rcio Legal\u201d garante a organiza\u00e7\u00e3o dos espa\u00e7os p\u00fablicos, protege os consumidores contra produtos sem proced\u00eancia e assegura condi\u00e7\u00f5es justas aos comerciantes que atuam dentro da legalidade.<\/p>\n<p>Caso o vendedor irregular queira reaver a mercadoria apreendida, \u00e9 preciso, no prazo de at\u00e9 15 dias da apreens\u00e3o, protocolar pedido atrav\u00e9s do Prefeitura \u00c1gil e efetuar o pagamento de multa e taxa de apreens\u00e3o. \u00c9 necess\u00e1rio apresentar comprovante de propriedade da mercadoria, como nota fiscal. Caso n\u00e3o realize esse procedimento, como previsto no c\u00f3digo de posturas do munic\u00edpio, os materiais apreendidos devem ser doados. Os produtos perec\u00edveis em boas condi\u00e7\u00f5es sanit\u00e1rias s\u00e3o imediatamente encaminhados \u00e0s institui\u00e7\u00f5es cadastradas. G\u00eaneros aliment\u00edcios e produtos de proced\u00eancia duvidosa n\u00e3o s\u00e3o pass\u00edveis de devolu\u00e7\u00e3o ao ambulante irregular.<\/p>\n","protected":false},"excerpt":{"rendered":"<p>Segundo informa\u00e7\u00f5es do site da Prefeitura de Juiz de Fora (PJF), a PJF, por meio Fiscaliza\u00e7\u00e3o da Secretaria de Desenvolvimento Urbano com Participa\u00e7\u00e3o Popular (Sedupp), realizou a apreens\u00e3o de mais de 500 materiais irregulares na \u00faltima sexta-feira,15. A a\u00e7\u00e3o faz parte da opera\u00e7\u00e3o \u201cCom\u00e9rcio Legal\u201d, que tem como objetivo combater a pr\u00e1tica do com\u00e9rcio irregular [&hellip;]<\/p>\n","protected":false},"author":246,"featured_media":229881,"comment_status":"closed","ping_status":"closed","sticky":false,"template":"","format":"standard","meta":{"footnotes":""},"categories":[253,436,439],"tags":[],"class_list":["post-229880","post","type-post","status-publish","format-standard","has-post-thumbnail","hentry","category-cidade","category-destaque-da-semana","category-ultima-hora"],"_links":{"self":[{"href":"https:\/\/diarioregionaldigital.com.br\/index.php?rest_route=\/wp\/v2\/posts\/229880","targetHints":{"allow":["GET"]}}],"collection":[{"href":"https:\/\/diarioregionaldigital.com.br\/index.php?rest_route=\/wp\/v2\/posts"}],"about":[{"href":"https:\/\/diarioregionaldigital.com.br\/index.php?rest_route=\/wp\/v2\/types\/post"}],"author":[{"embeddable":true,"href":"https:\/\/diarioregionaldigital.com.br\/index.php?rest_route=\/wp\/v2\/users\/246"}],"replies":[{"embeddable":true,"href":"https:\/\/diarioregionaldigital.com.br\/index.php?rest_route=%2Fwp%2Fv2%2Fcomments&post=229880"}],"version-history":[{"count":1,"href":"https:\/\/diarioregionaldigital.com.br\/index.php?rest_route=\/wp\/v2\/posts\/229880\/revisions"}],"predecessor-version":[{"id":229882,"href":"https:\/\/diarioregionaldigital.com.br\/index.php?rest_route=\/wp\/v2\/posts\/229880\/revisions\/229882"}],"wp:featuredmedia":[{"embeddable":true,"href":"https:\/\/diarioregionaldigital.com.br\/index.php?rest_route=\/wp\/v2\/media\/229881"}],"wp:attachment":[{"href":"https:\/\/diarioregionaldigital.com.br\/index.php?rest_route=%2Fwp%2Fv2%2Fmedia&parent=229880"}],"wp:term":[{"taxonomy":"category","embeddable":true,"href":"https:\/\/diarioregionaldigital.com.br\/index.php?rest_route=%2Fwp%2Fv2%2Fcategories&post=229880"},{"taxonomy":"post_tag","embeddable":true,"href":"https:\/\/diarioregionaldigital.com.br\/index.php?rest_route=%2Fwp%2Fv2%2Ftags&post=229880"}],"curies":[{"name":"wp","href":"https:\/\/api.w.org\/{rel}","templated":true}]}}