{"id":229876,"date":"2025-08-18T20:18:16","date_gmt":"2025-08-18T23:18:16","guid":{"rendered":"https:\/\/diarioregionaldigital.com.br\/?p=229876"},"modified":"2025-08-18T20:18:16","modified_gmt":"2025-08-18T23:18:16","slug":"guarda-presente-intensifica-rondas-em-feiras-livres","status":"publish","type":"post","link":"https:\/\/diarioregionaldigital.com.br\/?p=229876","title":{"rendered":"Guarda Presente intensifica rondas em feiras livres"},"content":{"rendered":"<p>Segundo informa\u00e7\u00f5es do site da Prefeitura de Juiz de Fora (PJF), a\u00a0Guarda Municipal de Juiz de Fora (GMJF) est\u00e1 refor\u00e7ando as rondas de prote\u00e7\u00e3o preventiva nas feiras livres realizadas nos bairros da cidade ao longo da semana. As equipes atuam diariamente em apoio a feirantes e consumidores, iniciando a presen\u00e7a ainda na madrugada, quando ve\u00edculos e mercadorias acessam os locais para montagem das barracas. O patrulhamento segue durante todo o per\u00edodo de funcionamento das feiras, garantindo tranquilidade e seguran\u00e7a para comerciantes e popula\u00e7\u00e3o.<\/p>\n<p>Al\u00e9m da tradicional Feira da Pechincha, realizada aos domingos, a Guarda tamb\u00e9m est\u00e1 presente nas feiras de Santa Luzia, Benfica, Manoel Hon\u00f3rio, S\u00e3o Mateus, S\u00e3o Pedro, Milho Branco, Progresso, Paineiras, Bairro Industrial, Bandeirantes, Cai\u00e7aras II, Alto dos Passos e Bairro de Lourdes. Cada uma delas recebe acompanhamento em dois turnos, com destaque para as manh\u00e3s, momento de maior movimento.<\/p>\n<p>As a\u00e7\u00f5es fazem parte do projeto \u201cGuarda Presente\u201d, que tem como foco o monitoramento preventivo em locais de grande circula\u00e7\u00e3o de pessoas. Nessas \u00e1reas, os guardas ainda estendem a cobertura de prote\u00e7\u00e3o a escolas municipais e unidades de sa\u00fade do entorno, ampliando a sensa\u00e7\u00e3o de seguran\u00e7a para servidores e usu\u00e1rios dos servi\u00e7os p\u00fablicos.<br \/>\nO objetivo \u00e9 garantir um ambiente de tranquilidade para que a popula\u00e7\u00e3o exer\u00e7a suas atividades di\u00e1rias com seguran\u00e7a e servidores possam desempenhar suas fun\u00e7\u00f5es. Al\u00e9m disso, o contato direto com coordenadores de feiras, diretores de escolas e profissionais de sa\u00fade fortalece a integra\u00e7\u00e3o comunit\u00e1ria e a efic\u00e1cia das a\u00e7\u00f5es preventivas.<\/p>\n<p>A atua\u00e7\u00e3o da Guarda Municipal segue a\u00a0<a href=\"https:\/\/www.pjf.mg.gov.br\/e_atos\/e_atos_vis.php?id=107013\">Portaria n\u00ba 14\u00a0<\/a>da Sesuc, que regulamenta as pol\u00edticas de preven\u00e7\u00e3o \u00e0 viol\u00eancia e fortalecimento da cidadania, incluindo o patrulhamento comunit\u00e1rio. A iniciativa tamb\u00e9m est\u00e1 amparada na\u00a0<a href=\"https:\/\/www.planalto.gov.br\/ccivil_03\/_ato2011-2014\/2014\/lei\/l13022.htm\">Lei Federal n\u00ba 13.022\/2014,<\/a>\u00a0que estabelece como fun\u00e7\u00e3o constitucional da Guarda a prote\u00e7\u00e3o de bens, servi\u00e7os e logradouros p\u00fablicos municipais, al\u00e9m da defesa dos direitos fundamentais do cidad\u00e3o.<\/p>\n","protected":false},"excerpt":{"rendered":"<p>Segundo informa\u00e7\u00f5es do site da Prefeitura de Juiz de Fora (PJF), a\u00a0Guarda Municipal de Juiz de Fora (GMJF) est\u00e1 refor\u00e7ando as rondas de prote\u00e7\u00e3o preventiva nas feiras livres realizadas nos bairros da cidade ao longo da semana. As equipes atuam diariamente em apoio a feirantes e consumidores, iniciando a presen\u00e7a ainda na madrugada, quando ve\u00edculos [&hellip;]<\/p>\n","protected":false},"author":246,"featured_media":229877,"comment_status":"closed","ping_status":"closed","sticky":false,"template":"","format":"standard","meta":{"footnotes":""},"categories":[301,253,436,439],"tags":[],"class_list":["post-229876","post","type-post","status-publish","format-standard","has-post-thumbnail","hentry","category-artigos-policiais","category-cidade","category-destaque-da-semana","category-ultima-hora"],"_links":{"self":[{"href":"https:\/\/diarioregionaldigital.com.br\/index.php?rest_route=\/wp\/v2\/posts\/229876","targetHints":{"allow":["GET"]}}],"collection":[{"href":"https:\/\/diarioregionaldigital.com.br\/index.php?rest_route=\/wp\/v2\/posts"}],"about":[{"href":"https:\/\/diarioregionaldigital.com.br\/index.php?rest_route=\/wp\/v2\/types\/post"}],"author":[{"embeddable":true,"href":"https:\/\/diarioregionaldigital.com.br\/index.php?rest_route=\/wp\/v2\/users\/246"}],"replies":[{"embeddable":true,"href":"https:\/\/diarioregionaldigital.com.br\/index.php?rest_route=%2Fwp%2Fv2%2Fcomments&post=229876"}],"version-history":[{"count":2,"href":"https:\/\/diarioregionaldigital.com.br\/index.php?rest_route=\/wp\/v2\/posts\/229876\/revisions"}],"predecessor-version":[{"id":229879,"href":"https:\/\/diarioregionaldigital.com.br\/index.php?rest_route=\/wp\/v2\/posts\/229876\/revisions\/229879"}],"wp:featuredmedia":[{"embeddable":true,"href":"https:\/\/diarioregionaldigital.com.br\/index.php?rest_route=\/wp\/v2\/media\/229877"}],"wp:attachment":[{"href":"https:\/\/diarioregionaldigital.com.br\/index.php?rest_route=%2Fwp%2Fv2%2Fmedia&parent=229876"}],"wp:term":[{"taxonomy":"category","embeddable":true,"href":"https:\/\/diarioregionaldigital.com.br\/index.php?rest_route=%2Fwp%2Fv2%2Fcategories&post=229876"},{"taxonomy":"post_tag","embeddable":true,"href":"https:\/\/diarioregionaldigital.com.br\/index.php?rest_route=%2Fwp%2Fv2%2Ftags&post=229876"}],"curies":[{"name":"wp","href":"https:\/\/api.w.org\/{rel}","templated":true}]}}