{"id":229873,"date":"2025-08-18T20:16:17","date_gmt":"2025-08-18T23:16:17","guid":{"rendered":"https:\/\/diarioregionaldigital.com.br\/?p=229873"},"modified":"2025-08-18T20:16:17","modified_gmt":"2025-08-18T23:16:17","slug":"oficinas-formativas-sobre-mundo-do-trabalho-chegam-ao-cras-leste-linhares-nesta-quarta-feira-20","status":"publish","type":"post","link":"https:\/\/diarioregionaldigital.com.br\/?p=229873","title":{"rendered":"Oficinas formativas sobre mundo do trabalho chegam ao Cras Leste Linhares nesta quarta-feira, 20"},"content":{"rendered":"<p>Segundo informa\u00e7\u00f5es do site da Prefeitura de Juiz de Fora (PJF), a Secretaria de Assist\u00eancia Social (SAS), atrav\u00e9s da Supervis\u00e3o de Promo\u00e7\u00e3o e Acesso ao Mundo do Trabalho, em parceria com a Incubadora Tecnol\u00f3gica de Cooperativas Populares (Intecoop) e a Pr\u00f3-Reitoria de Extens\u00e3o da Universidade Federal de Juiz de Fora (Proex\/UFJF), promovem nesta quarta-feira, 20, \u00e0s 14h, a oficina \u201cO que \u00e9 trabalho? A\u00e7\u00e3o e transforma\u00e7\u00e3o no Cras Leste Linhares\u201d (Rua Diva Garcia, 1811, bairro Linhares).<\/p>\n<p>Gratuita e voltada para usu\u00e1rios da Assist\u00eancia Social e seus familiares, a atividade prop\u00f5e uma reflex\u00e3o cr\u00edtica sobre o significado do trabalho ao longo da hist\u00f3ria \u2014 das formas tradicionais aos modos contempor\u00e2neos de produ\u00e7\u00e3o. A partir de viv\u00eancias e debates, os participantes ser\u00e3o convidados a refletir: O que \u00e9 trabalho? Como ele transforma vidas e territ\u00f3rios? O que diferencia o trabalho autogestion\u00e1rio de outras formas?<\/p>\n<p>A a\u00e7\u00e3o integra um ciclo de quatro oficinas presenciais, realizadas mensalmente, com foco na introdu\u00e7\u00e3o ao mundo do trabalho, autogest\u00e3o e economia solid\u00e1ria. Os encontros abordar\u00e3o aspectos conceituais e pr\u00e1ticos relacionados \u00e0 autogest\u00e3o, redes colaborativas, comunica\u00e7\u00e3o social e gest\u00e3o financeira.<\/p>\n<p>O primeiro encontro ocorreu no Cras Olavo Costa, no \u00faltimo dia 6. Ap\u00f3s o Cras Leste Linhares, ser\u00e1 a vez do Cras Nordeste Grama, em 27 de agosto. Os temas dos pr\u00f3ximos encontros ser\u00e3o: \u201cTrabalho autogestion\u00e1rio e formas de organiza\u00e7\u00e3o social\u201d, \u201cL\u00f3gicas de reconhecimento nas redes sociais\u201d e \u201cGest\u00e3o e trabalho \u2013 quanto custa o tempo de produ\u00e7\u00e3o?\u201d.<\/p>\n<p>Segundo o Supervisor de Promo\u00e7\u00e3o e Acesso ao Mundo do Trabalho, Chrystian Chaves, essa parceria \u00e9 um passo importante para unir conhecimento acad\u00eamico e pol\u00edticas p\u00fablicas, criando caminhos e oportunidades sustent\u00e1veis para quem mais precisa. \u201cAcreditamos que essa parceria pode potencializar projetos locais e ampliar redes de coopera\u00e7\u00e3o entre usu\u00e1rios vulner\u00e1veis da assist\u00eancia&#8221;, afirma.<\/p>\n","protected":false},"excerpt":{"rendered":"<p>Segundo informa\u00e7\u00f5es do site da Prefeitura de Juiz de Fora (PJF), a Secretaria de Assist\u00eancia Social (SAS), atrav\u00e9s da Supervis\u00e3o de Promo\u00e7\u00e3o e Acesso ao Mundo do Trabalho, em parceria com a Incubadora Tecnol\u00f3gica de Cooperativas Populares (Intecoop) e a Pr\u00f3-Reitoria de Extens\u00e3o da Universidade Federal de Juiz de Fora (Proex\/UFJF), promovem nesta quarta-feira, 20, [&hellip;]<\/p>\n","protected":false},"author":246,"featured_media":229874,"comment_status":"closed","ping_status":"closed","sticky":false,"template":"","format":"standard","meta":{"footnotes":""},"categories":[253,436,440,439],"tags":[],"class_list":["post-229873","post","type-post","status-publish","format-standard","has-post-thumbnail","hentry","category-cidade","category-destaque-da-semana","category-destaques-do-dia","category-ultima-hora"],"_links":{"self":[{"href":"https:\/\/diarioregionaldigital.com.br\/index.php?rest_route=\/wp\/v2\/posts\/229873","targetHints":{"allow":["GET"]}}],"collection":[{"href":"https:\/\/diarioregionaldigital.com.br\/index.php?rest_route=\/wp\/v2\/posts"}],"about":[{"href":"https:\/\/diarioregionaldigital.com.br\/index.php?rest_route=\/wp\/v2\/types\/post"}],"author":[{"embeddable":true,"href":"https:\/\/diarioregionaldigital.com.br\/index.php?rest_route=\/wp\/v2\/users\/246"}],"replies":[{"embeddable":true,"href":"https:\/\/diarioregionaldigital.com.br\/index.php?rest_route=%2Fwp%2Fv2%2Fcomments&post=229873"}],"version-history":[{"count":1,"href":"https:\/\/diarioregionaldigital.com.br\/index.php?rest_route=\/wp\/v2\/posts\/229873\/revisions"}],"predecessor-version":[{"id":229875,"href":"https:\/\/diarioregionaldigital.com.br\/index.php?rest_route=\/wp\/v2\/posts\/229873\/revisions\/229875"}],"wp:featuredmedia":[{"embeddable":true,"href":"https:\/\/diarioregionaldigital.com.br\/index.php?rest_route=\/wp\/v2\/media\/229874"}],"wp:attachment":[{"href":"https:\/\/diarioregionaldigital.com.br\/index.php?rest_route=%2Fwp%2Fv2%2Fmedia&parent=229873"}],"wp:term":[{"taxonomy":"category","embeddable":true,"href":"https:\/\/diarioregionaldigital.com.br\/index.php?rest_route=%2Fwp%2Fv2%2Fcategories&post=229873"},{"taxonomy":"post_tag","embeddable":true,"href":"https:\/\/diarioregionaldigital.com.br\/index.php?rest_route=%2Fwp%2Fv2%2Ftags&post=229873"}],"curies":[{"name":"wp","href":"https:\/\/api.w.org\/{rel}","templated":true}]}}