{"id":229870,"date":"2025-08-18T20:14:00","date_gmt":"2025-08-18T23:14:00","guid":{"rendered":"https:\/\/diarioregionaldigital.com.br\/?p=229870"},"modified":"2025-08-18T20:14:00","modified_gmt":"2025-08-18T23:14:00","slug":"brasil-fecha-copa-do-mundo-de-bocha-paralimpica-com-cinco-medalhas","status":"publish","type":"post","link":"https:\/\/diarioregionaldigital.com.br\/?p=229870","title":{"rendered":"Brasil fecha Copa do Mundo de bocha paral\u00edmpica com cinco medalhas"},"content":{"rendered":"<p>O Brasil encerrou, no \u00faltimo domingo (17), a participa\u00e7\u00e3o na Copa do Mundo de bocha paral\u00edmpica com a conquista de cinco medalhas (tr\u00eas de ouro em disputas individuais e uma prata e um bronze nas disputas por pares).<img decoding=\"async\" src=\"https:\/\/agenciabrasil.ebc.com.br\/ebc.png?id=1654888&amp;o=node\" \/><img decoding=\"async\" src=\"https:\/\/agenciabrasil.ebc.com.br\/ebc.gif?id=1654888&amp;o=node\" \/><\/p>\n<p>As medalhas douradas foram conquistadas em tr\u00eas classes diferentes, com o cearense Maciel Santos na classe BC2 (atletas que n\u00e3o podem receber assist\u00eancia), a pernambucana Andreza Oliveira na classe BC1 (atletas que contam com a op\u00e7\u00e3o de aux\u00edlio de ajudantes) e a paulista Evelyn Santos na classe BC3 (atletas com defici\u00eancias muito severas, que usam instrumento auxiliar e podem ser ajudadas por outra pessoa).<\/p>\n<p>Al\u00e9m disso, a equipe brasileira garantiu outras duas conquistas nas disputas em pares. Na classe BC4 (atletas com defici\u00eancias severas, que n\u00e3o recebem assist\u00eancia) a paraibana Laissa Guerreira e o potiguar Jos\u00e9 Ant\u00f4nio dos Santos ficaram com a prata. J\u00e1 nos pares BC3, a pernambucana Evani Calado e o mineiro Mateus Carvalho conquistaram o bronze.<\/p>\n<p>Fonte: Ag\u00eancia Minas<\/p>\n","protected":false},"excerpt":{"rendered":"<p>O Brasil encerrou, no \u00faltimo domingo (17), a participa\u00e7\u00e3o na Copa do Mundo de bocha paral\u00edmpica com a conquista de cinco medalhas (tr\u00eas de ouro em disputas individuais e uma prata e um bronze nas disputas por pares). As medalhas douradas foram conquistadas em tr\u00eas classes diferentes, com o cearense Maciel Santos na classe BC2 [&hellip;]<\/p>\n","protected":false},"author":246,"featured_media":229871,"comment_status":"closed","ping_status":"closed","sticky":false,"template":"","format":"standard","meta":{"footnotes":""},"categories":[436,440,257,439],"tags":[],"class_list":["post-229870","post","type-post","status-publish","format-standard","has-post-thumbnail","hentry","category-destaque-da-semana","category-destaques-do-dia","category-esporte","category-ultima-hora"],"_links":{"self":[{"href":"https:\/\/diarioregionaldigital.com.br\/index.php?rest_route=\/wp\/v2\/posts\/229870","targetHints":{"allow":["GET"]}}],"collection":[{"href":"https:\/\/diarioregionaldigital.com.br\/index.php?rest_route=\/wp\/v2\/posts"}],"about":[{"href":"https:\/\/diarioregionaldigital.com.br\/index.php?rest_route=\/wp\/v2\/types\/post"}],"author":[{"embeddable":true,"href":"https:\/\/diarioregionaldigital.com.br\/index.php?rest_route=\/wp\/v2\/users\/246"}],"replies":[{"embeddable":true,"href":"https:\/\/diarioregionaldigital.com.br\/index.php?rest_route=%2Fwp%2Fv2%2Fcomments&post=229870"}],"version-history":[{"count":1,"href":"https:\/\/diarioregionaldigital.com.br\/index.php?rest_route=\/wp\/v2\/posts\/229870\/revisions"}],"predecessor-version":[{"id":229872,"href":"https:\/\/diarioregionaldigital.com.br\/index.php?rest_route=\/wp\/v2\/posts\/229870\/revisions\/229872"}],"wp:featuredmedia":[{"embeddable":true,"href":"https:\/\/diarioregionaldigital.com.br\/index.php?rest_route=\/wp\/v2\/media\/229871"}],"wp:attachment":[{"href":"https:\/\/diarioregionaldigital.com.br\/index.php?rest_route=%2Fwp%2Fv2%2Fmedia&parent=229870"}],"wp:term":[{"taxonomy":"category","embeddable":true,"href":"https:\/\/diarioregionaldigital.com.br\/index.php?rest_route=%2Fwp%2Fv2%2Fcategories&post=229870"},{"taxonomy":"post_tag","embeddable":true,"href":"https:\/\/diarioregionaldigital.com.br\/index.php?rest_route=%2Fwp%2Fv2%2Ftags&post=229870"}],"curies":[{"name":"wp","href":"https:\/\/api.w.org\/{rel}","templated":true}]}}