{"id":229846,"date":"2025-08-15T19:59:52","date_gmt":"2025-08-15T22:59:52","guid":{"rendered":"https:\/\/diarioregionaldigital.com.br\/?p=229846"},"modified":"2025-08-15T19:59:52","modified_gmt":"2025-08-15T22:59:52","slug":"apos-obras-de-remodelacao-de-rede-empav-realiza-recapeamento-asfaltico-na-avenida-paulo-botti-no-aeroporto","status":"publish","type":"post","link":"https:\/\/diarioregionaldigital.com.br\/?p=229846","title":{"rendered":"Ap\u00f3s obras de remodela\u00e7\u00e3o de rede, Empav realiza recapeamento asf\u00e1ltico na Avenida Paulo Botti, no Aeroporto"},"content":{"rendered":"<p>Segundo informa\u00e7\u00f5es do site da Prefeitura de Juiz de Fora (PJF), a PJF, por meio da Empresa Municipal de Pavimenta\u00e7\u00e3o e Urbanidades (Empav), concluiu, nesta sexta-feira, 15, o recapeamento total da avenida Paulo Botti, no bairro Aeroporto. A melhoria ocorreu em continuidade a um trabalho em sintonia com a Companhia de Saneamento Municipal (Cesama), que est\u00e1 finalizando a remodela\u00e7\u00e3o de cerca de 450 metros da rede de esgoto da via.<\/p>\n<p>A nova pavimenta\u00e7\u00e3o cobre toda a extens\u00e3o da avenida, totalizando quase quatro mil metros quadrados de asfalto novo, o que garante mais seguran\u00e7a, conforto e fluidez no tr\u00e1fego. Paralelamente, ap\u00f3s a finaliza\u00e7\u00e3o das remodela\u00e7\u00f5es no final de julho, a Cesama est\u00e1 realizando os acabamentos, como a instala\u00e7\u00e3o de Po\u00e7os de Visita (PVs), caixas de passagem e execu\u00e7\u00e3o de cal\u00e7adas.<\/p>\n<p>A parceria entre a Cesama e a Empav beneficia diversas vias da cidade, otimizando os servi\u00e7os da Prefeitura, reduzindo impactos na mobilidade urbana e modernizando a infraestrutura. Todas elas fazem parte do Programa Boniteza, que leva servi\u00e7os de cuidado e zeladoria urbana a Juiz de Fora e refor\u00e7am o compromisso da Prefeitura em oferecer \u00e0 popula\u00e7\u00e3o uma cidade mais limpa, segura e com mais qualidade de vida.<\/p>\n<p>A programa\u00e7\u00e3o completa das atividades realizadas pela PJF pode ser consultada atrav\u00e9s da p\u00e1gina do pelo\u00a0<a href=\"https:\/\/www.pjf.mg.gov.br\/gabinetecomunitario\/\">link<\/a>. Para solicitar os servi\u00e7os, basta entrar em contato com o Gabinete, atrav\u00e9s do telefone (32) 3690-7241 ou pelo WhatsApp utilizando o mesmo n\u00famero.<\/p>\n","protected":false},"excerpt":{"rendered":"<p>Segundo informa\u00e7\u00f5es do site da Prefeitura de Juiz de Fora (PJF), a PJF, por meio da Empresa Municipal de Pavimenta\u00e7\u00e3o e Urbanidades (Empav), concluiu, nesta sexta-feira, 15, o recapeamento total da avenida Paulo Botti, no bairro Aeroporto. A melhoria ocorreu em continuidade a um trabalho em sintonia com a Companhia de Saneamento Municipal (Cesama), que [&hellip;]<\/p>\n","protected":false},"author":246,"featured_media":229847,"comment_status":"closed","ping_status":"closed","sticky":false,"template":"","format":"standard","meta":{"footnotes":""},"categories":[253,436,440,439],"tags":[],"class_list":["post-229846","post","type-post","status-publish","format-standard","has-post-thumbnail","hentry","category-cidade","category-destaque-da-semana","category-destaques-do-dia","category-ultima-hora"],"_links":{"self":[{"href":"https:\/\/diarioregionaldigital.com.br\/index.php?rest_route=\/wp\/v2\/posts\/229846","targetHints":{"allow":["GET"]}}],"collection":[{"href":"https:\/\/diarioregionaldigital.com.br\/index.php?rest_route=\/wp\/v2\/posts"}],"about":[{"href":"https:\/\/diarioregionaldigital.com.br\/index.php?rest_route=\/wp\/v2\/types\/post"}],"author":[{"embeddable":true,"href":"https:\/\/diarioregionaldigital.com.br\/index.php?rest_route=\/wp\/v2\/users\/246"}],"replies":[{"embeddable":true,"href":"https:\/\/diarioregionaldigital.com.br\/index.php?rest_route=%2Fwp%2Fv2%2Fcomments&post=229846"}],"version-history":[{"count":1,"href":"https:\/\/diarioregionaldigital.com.br\/index.php?rest_route=\/wp\/v2\/posts\/229846\/revisions"}],"predecessor-version":[{"id":229848,"href":"https:\/\/diarioregionaldigital.com.br\/index.php?rest_route=\/wp\/v2\/posts\/229846\/revisions\/229848"}],"wp:featuredmedia":[{"embeddable":true,"href":"https:\/\/diarioregionaldigital.com.br\/index.php?rest_route=\/wp\/v2\/media\/229847"}],"wp:attachment":[{"href":"https:\/\/diarioregionaldigital.com.br\/index.php?rest_route=%2Fwp%2Fv2%2Fmedia&parent=229846"}],"wp:term":[{"taxonomy":"category","embeddable":true,"href":"https:\/\/diarioregionaldigital.com.br\/index.php?rest_route=%2Fwp%2Fv2%2Fcategories&post=229846"},{"taxonomy":"post_tag","embeddable":true,"href":"https:\/\/diarioregionaldigital.com.br\/index.php?rest_route=%2Fwp%2Fv2%2Ftags&post=229846"}],"curies":[{"name":"wp","href":"https:\/\/api.w.org\/{rel}","templated":true}]}}