{"id":229837,"date":"2025-08-15T19:55:58","date_gmt":"2025-08-15T22:55:58","guid":{"rendered":"https:\/\/diarioregionaldigital.com.br\/?p=229837"},"modified":"2025-08-15T19:55:58","modified_gmt":"2025-08-15T22:55:58","slug":"projeto-montanhas-dos-muriquis-fortalece-conservacao-de-primatas-ameacados-na-serra-do-brigadeiro-na-zona-da-mata","status":"publish","type":"post","link":"https:\/\/diarioregionaldigital.com.br\/?p=229837","title":{"rendered":"Projeto Montanhas dos Muriquis fortalece conserva\u00e7\u00e3o de primatas amea\u00e7ados na Serra do Brigadeiro na Zona da Mata"},"content":{"rendered":"<p>No cora\u00e7\u00e3o da Zona da Mata mineira, o Parque Estadual da Serra do Brigadeiro, administrado pelo\u00a0<a href=\"https:\/\/www.ief.mg.gov.br\/\" target=\"_blank\" rel=\"noopener\">Instituto Estadual de Florestas (IEF)<\/a>, abriga uma das maiores popula\u00e7\u00f5es conhecidas de muriquis-do-norte (Brachyteles hypoxanthus), o maior primata das Am\u00e9ricas e tamb\u00e9m um dos mais amea\u00e7ados do mundo. Para proteger essa esp\u00e9cie emblem\u00e1tica da Mata Atl\u00e2ntica, o projeto Montanhas dos Muriquis desenvolve a\u00e7\u00f5es integradas de pesquisa, monitoramento e educa\u00e7\u00e3o ambiental, envolvendo diretamente as comunidades do entorno da unidade de conserva\u00e7\u00e3o.<\/p>\n<figure class=\"image\"><img decoding=\"async\" src=\"https:\/\/www.agenciaminas.mg.gov.br\/ckeditor_assets\/pictures\/23292\/content_imagem_muriqui_5.jpeg\" alt=\" Leandro Santana Moreira \/ Muriqui Instituto de Biodiversidade.\" \/><figcaption><sub><em>\u00a0Leandro Santana Moreira \/ Muriqui Instituto de Biodiversidade<\/em><\/sub><\/figcaption><\/figure>\n<p>Com pouco mais de mil indiv\u00edduos estimados na natureza, o muriqui-do-norte est\u00e1 classificado como criticamente amea\u00e7ado de extin\u00e7\u00e3o. No parque, vivem cerca de 327 exemplares distribu\u00eddos em pelo menos 12 grupos sociais. A sobreviv\u00eancia da esp\u00e9cie depende da preserva\u00e7\u00e3o dos fragmentos florestais da regi\u00e3o.<\/p>\n<p>Coordenado pelo bi\u00f3logo Leandro Santana Moreira, do Muriqui Instituto de Biodiversidade (MIB), o projeto realiza expedi\u00e7\u00f5es mensais ao interior e entorno do parque, utilizando drones, armadilhas fotogr\u00e1ficas em dossel e sistemas de geoprocessamento para mapear os grupos de muriquis, estimar popula\u00e7\u00f5es e identificar amea\u00e7as.<\/p>\n<p>Tamb\u00e9m s\u00e3o localizados indiv\u00edduos isolados em \u00e1reas externas \u00e0 unidade, visando propor estrat\u00e9gias de manejo que favore\u00e7am a recupera\u00e7\u00e3o de outras popula\u00e7\u00f5es.<\/p>\n<p>A equipe ainda adota m\u00e9todos n\u00e3o invasivos, como a coleta de fezes, para an\u00e1lises gen\u00e9ticas. Essas informa\u00e7\u00f5es ajudam a compreender a diversidade e a sa\u00fade da popula\u00e7\u00e3o, orientando a\u00e7\u00f5es de conserva\u00e7\u00e3o mais precisas.<\/p>\n<p><strong>Conex\u00e3o com as comunidades locais<\/strong><\/p>\n<p>Um dos diferenciais do Projeto Montanhas dos Muriquis \u00e9 o trabalho de sensibiliza\u00e7\u00e3o com moradores da regi\u00e3o. Por meio de caravanas educativas, visitas a escolas e reuni\u00f5es com lideran\u00e7as comunit\u00e1rias, o projeto apresenta informa\u00e7\u00f5es sobre os muriquis, a import\u00e2ncia das unidades de conserva\u00e7\u00e3o e alternativas sustent\u00e1veis para o uso dos recursos naturais. Materiais did\u00e1ticos, livros infantojuvenis e v\u00eddeos educativos s\u00e3o utilizados para ampliar o alcance das a\u00e7\u00f5es.<\/p>\n<p>\u201cMais do que proteger uma esp\u00e9cie, o projeto busca fortalecer o v\u00ednculo entre natureza e sociedade. Os muriquis, que simbolizam equil\u00edbrio e coopera\u00e7\u00e3o, nos mostram que conservar \u00e9 tamb\u00e9m cuidar das conex\u00f5es\u201d, afirma o bi\u00f3logo Leandro Santana Moreira.<\/p>\n<figure class=\"image\"><img decoding=\"async\" src=\"https:\/\/www.agenciaminas.mg.gov.br\/ckeditor_assets\/pictures\/23293\/content_imagem_muriqui_1.jpeg\" alt=\"\" \/><figcaption><sub><em>\u00a0Leandro Santana Moreira \/ Muriqui Instituto de Biodiversidade<\/em><\/sub><\/figcaption><\/figure>\n<p><strong>Import\u00e2ncia estrat\u00e9gica das \u00e1reas protegidas<\/strong><\/p>\n<p>Para o gerente da Ger\u00eancia de Cria\u00e7\u00e3o e Manejo de Unidades de Conserva\u00e7\u00e3o do IEF, o bi\u00f3logo Edmar Monteiro, a iniciativa refor\u00e7a o papel estrat\u00e9gico das \u00e1reas protegidas. \u201cAs unidades de conserva\u00e7\u00e3o n\u00e3o s\u00e3o apenas ref\u00fagios de biodiversidade, mas verdadeiros laborat\u00f3rios a c\u00e9u aberto, onde ci\u00eancia e gest\u00e3o ambiental caminham juntas. Cada pesquisa realizada nessas \u00e1reas contribui para aprimorar o manejo, embasar pol\u00edticas p\u00fablicas e garantir que a riqueza natural de Minas Gerais seja preservada para as futuras gera\u00e7\u00f5es\u201d, destacou.<\/p>\n<p>Com a combina\u00e7\u00e3o de ci\u00eancia, tecnologia e participa\u00e7\u00e3o social, o Montanhas dos Muriquis se consolida como um exemplo de inova\u00e7\u00e3o na conserva\u00e7\u00e3o da biodiversidade da Mata Atl\u00e2ntica mineira e no fortalecimento das unidades de conserva\u00e7\u00e3o como espa\u00e7os de pesquisa, educa\u00e7\u00e3o e preserva\u00e7\u00e3o.<\/p>\n<p>Fonte: Ag\u00eancia Minas<\/p>\n","protected":false},"excerpt":{"rendered":"<p>No cora\u00e7\u00e3o da Zona da Mata mineira, o Parque Estadual da Serra do Brigadeiro, administrado pelo\u00a0Instituto Estadual de Florestas (IEF), abriga uma das maiores popula\u00e7\u00f5es conhecidas de muriquis-do-norte (Brachyteles hypoxanthus), o maior primata das Am\u00e9ricas e tamb\u00e9m um dos mais amea\u00e7ados do mundo. Para proteger essa esp\u00e9cie emblem\u00e1tica da Mata Atl\u00e2ntica, o projeto Montanhas dos [&hellip;]<\/p>\n","protected":false},"author":246,"featured_media":229838,"comment_status":"closed","ping_status":"closed","sticky":false,"template":"","format":"standard","meta":{"footnotes":""},"categories":[436,254,439],"tags":[],"class_list":["post-229837","post","type-post","status-publish","format-standard","has-post-thumbnail","hentry","category-destaque-da-semana","category-politica","category-ultima-hora"],"_links":{"self":[{"href":"https:\/\/diarioregionaldigital.com.br\/index.php?rest_route=\/wp\/v2\/posts\/229837","targetHints":{"allow":["GET"]}}],"collection":[{"href":"https:\/\/diarioregionaldigital.com.br\/index.php?rest_route=\/wp\/v2\/posts"}],"about":[{"href":"https:\/\/diarioregionaldigital.com.br\/index.php?rest_route=\/wp\/v2\/types\/post"}],"author":[{"embeddable":true,"href":"https:\/\/diarioregionaldigital.com.br\/index.php?rest_route=\/wp\/v2\/users\/246"}],"replies":[{"embeddable":true,"href":"https:\/\/diarioregionaldigital.com.br\/index.php?rest_route=%2Fwp%2Fv2%2Fcomments&post=229837"}],"version-history":[{"count":1,"href":"https:\/\/diarioregionaldigital.com.br\/index.php?rest_route=\/wp\/v2\/posts\/229837\/revisions"}],"predecessor-version":[{"id":229839,"href":"https:\/\/diarioregionaldigital.com.br\/index.php?rest_route=\/wp\/v2\/posts\/229837\/revisions\/229839"}],"wp:featuredmedia":[{"embeddable":true,"href":"https:\/\/diarioregionaldigital.com.br\/index.php?rest_route=\/wp\/v2\/media\/229838"}],"wp:attachment":[{"href":"https:\/\/diarioregionaldigital.com.br\/index.php?rest_route=%2Fwp%2Fv2%2Fmedia&parent=229837"}],"wp:term":[{"taxonomy":"category","embeddable":true,"href":"https:\/\/diarioregionaldigital.com.br\/index.php?rest_route=%2Fwp%2Fv2%2Fcategories&post=229837"},{"taxonomy":"post_tag","embeddable":true,"href":"https:\/\/diarioregionaldigital.com.br\/index.php?rest_route=%2Fwp%2Fv2%2Ftags&post=229837"}],"curies":[{"name":"wp","href":"https:\/\/api.w.org\/{rel}","templated":true}]}}