{"id":229825,"date":"2025-08-15T11:59:54","date_gmt":"2025-08-15T14:59:54","guid":{"rendered":"https:\/\/diarioregionaldigital.com.br\/?p=229825"},"modified":"2025-08-15T11:59:54","modified_gmt":"2025-08-15T14:59:54","slug":"aviso-de-licitacao-n-065-2025-15-08-2025","status":"publish","type":"post","link":"https:\/\/diarioregionaldigital.com.br\/?p=229825","title":{"rendered":"AVISO DE LICITA\u00c7\u00c3O  N\u00b0 065\/2025 &#8211; 15\/08\/2025"},"content":{"rendered":"<p class=\"s6\"><span class=\"s5\"><span class=\"bumpedFont15\">PREFEITURA MUNICIPAL DE DESCOBERTO<\/span><\/span><\/p>\n<p class=\"s6\">\n<p class=\"s6\"><span class=\"s5\"><span class=\"bumpedFont15\">AVISO DE LICITA\u00c7\u00c3O<\/span><\/span><\/p>\n<p class=\"s6\">\n<p class=\"s6\"><span class=\"s5\"><span class=\"bumpedFont15\">Licita\u00e7\u00e3o n\u00b0 <\/span><\/span><span class=\"s5\"><span class=\"bumpedFont15\">06<\/span><\/span><span class=\"s5\"><span class=\"bumpedFont15\">5<\/span><\/span><span class=\"s5\"><span class=\"bumpedFont15\">\/202<\/span><\/span><span class=\"s5\"><span class=\"bumpedFont15\">5<\/span><\/span><\/p>\n<p class=\"s6\"><span class=\"s5\"><span class=\"bumpedFont15\">Moda<\/span><\/span><span class=\"s5\"><span class=\"bumpedFont15\">l<\/span><\/span><span class=\"s5\"><span class=\"bumpedFont15\">idade de Dispensa<\/span><\/span><span class=\"s5\"><span class=\"bumpedFont15\"> Presencial <\/span><\/span><span class=\"s5\"><span class=\"bumpedFont15\">n\u00b0 <\/span><\/span><span class=\"s5\"><span class=\"bumpedFont15\">01<\/span><\/span><span class=\"s5\"><span class=\"bumpedFont15\">8<\/span><\/span><span class=\"s5\"><span class=\"bumpedFont15\">\/202<\/span><\/span><span class=\"s5\"><span class=\"bumpedFont15\">5<\/span><\/span><\/p>\n<p class=\"s11\"><span class=\"s7\"><span class=\"bumpedFont15\">O Munic\u00edpio de DESCOBERTO, na forma da lei, faz saber a todos quantos o presente edital virem, ou dele conhecimento tiverem, que a p<\/span><\/span><span class=\"s7\"><span class=\"bumpedFont15\">artir das <\/span><\/span><span class=\"s7\"><span class=\"bumpedFont15\">1<\/span><\/span><span class=\"s7\"><span class=\"bumpedFont15\">4<\/span><\/span><span class=\"s7\"><span class=\"bumpedFont15\">:00<\/span><\/span><span class=\"s7\"><span class=\"bumpedFont15\">h do dia <\/span><\/span><span class=\"s7\"><span class=\"bumpedFont15\">1<\/span><\/span><span class=\"s7\"><span class=\"bumpedFont15\">9<\/span><\/span><span class=\"s7\"><span class=\"bumpedFont15\"> de <\/span><\/span><span class=\"s7\"><span class=\"bumpedFont15\">agosto<\/span><\/span><span class=\"s7\"><span class=\"bumpedFont15\"> de 202<\/span><\/span><span class=\"s7\"><span class=\"bumpedFont15\">5<\/span><\/span><span class=\"s7\"><span class=\"bumpedFont15\">, na Prefeitura Municipal na sala da comiss\u00e3o de licita\u00e7\u00e3o, localizada na rua CAPIT\u00c3O BAS\u00cdLIO, n\u00b0 39, bairro CENTRO, munic\u00edpio de DESCOBERTO, ser\u00e1 realizada licita\u00e7\u00e3o <\/span><\/span><span class=\"s7\"><span class=\"bumpedFont15\">na modalidade <\/span><\/span><span class=\"s7\"><span class=\"bumpedFont15\">DISPENSA<\/span><\/span><span class=\"s7\"><span class=\"bumpedFont15\"> PRESENCIAL, objetivand<\/span><\/span><span class=\"s7\"><span class=\"bumpedFont15\">o<\/span><\/span> <span class=\"s7\"><span class=\"bumpedFont15\">a <\/span><\/span><span class=\"s7\"><span class=\"bumpedFont15\">contrata\u00e7\u00e3o direta de <\/span><\/span><span class=\"s7\"><span class=\"bumpedFont15\">EMPRESA<\/span><\/span><span class=\"s7\"><span class=\"bumpedFont15\">ESPECIALIZADA PARA A GRAVA\u00c7\u00c3O, EDI\u00c7\u00c3O E FINALIZA\u00c7\u00c3O DE V\u00cdDEOS INSTITUCIONAIS PARA <\/span><\/span><span class=\"s7\"><span class=\"bumpedFont15\">REGISTRAR E DIVULGAR, DE FORMA PROFISSIONAL E QUALIFICADA, AS A\u00c7\u00d5ES E EVENTOS REALIZADOS PELO MUNIC\u00cdPIO DE DESCOBERTO-MG DURANTE A 1<\/span><\/span><span class=\"s7\"><span class=\"bumpedFont15\">5<\/span><\/span><span class=\"s7\"><span class=\"bumpedFont15\">\u00aa EXPOS<\/span><\/span><span class=\"s7\"><span class=\"bumpedFont15\">I\u00c7\u00c3O AGROPECU\u00c1RIA<\/span><\/span><span class=\"s8\"><span class=\"bumpedFont15\">,<\/span><\/span><span class=\"s7\"><span class=\"bumpedFont15\"> para atender as necessidades <\/span><\/span><span class=\"s7\"><span class=\"bumpedFont15\">da Secretaria Municipal de <\/span><\/span><span class=\"s7\"><span class=\"bumpedFont15\">Cultura e turi<\/span><\/span><span class=\"s7\"><span class=\"bumpedFont15\">smo<\/span><\/span><span class=\"s7\"><span class=\"bumpedFont15\">,<\/span><\/span> <span class=\"s7\"><span class=\"bumpedFont15\">tipo<\/span><\/span><span class=\"s9\"><span class=\"bumpedFont15\">MENOR PRE\u00c7O<\/span><\/span><span class=\"s7\"><span class=\"bumpedFont15\">, <\/span><\/span><span class=\"s7\"><span class=\"bumpedFont15\">conforme consta no edital que se encontra \u00a0a disposi\u00e7\u00e3o de todos \u00a0os interessados na Prefeitura Municipal, onde poder\u00e3o obt\u00ea-lo<\/span><\/span><span class=\"s7\"><span class=\"bumpedFont15\"> ou atrav\u00e9s do si<\/span><\/span><span class=\"s7\"><span class=\"bumpedFont15\">te<\/span><\/span> <a href=\"http:\/\/www.descoberto.mg.go.br\/\"><span class=\"s10\"><span class=\"bumpedFont15\">http:\/\/www.descoberto.mg.go<\/span><\/span><span class=\"s10\"><span class=\"bumpedFont15\">v<\/span><\/span><span class=\"s10\"><span class=\"bumpedFont15\">.br<\/span><\/span><\/a> <span class=\"s7\"><span class=\"bumpedFont15\">. Para <\/span><\/span><span class=\"s7\"><span class=\"bumpedFont15\">c<\/span><\/span><span class=\"s7\"><span class=\"bumpedFont15\">o<\/span><\/span><span class=\"s7\"><span class=\"bumpedFont15\">nhecimento de todos os interessados, expediu-se o presente que ser\u00e1 afixado no lugar de costume, publicando-se na forma da lei. <\/span><\/span><span class=\"s7\"><span class=\"bumpedFont15\">DESCOBERTO, <\/span><\/span><span class=\"s7\"><span class=\"bumpedFont15\">15<\/span><\/span><span class=\"s7\"><span class=\"bumpedFont15\"> de <\/span><\/span><span class=\"s7\"><span class=\"bumpedFont15\">agosto<\/span><\/span><span class=\"s7\"><span class=\"bumpedFont15\"> de 202<\/span><\/span><span class=\"s7\"><span class=\"bumpedFont15\">5<\/span><\/span><span class=\"s7\"><span class=\"bumpedFont15\">.<\/span><\/span><\/p>\n<p class=\"s12\">\n<p class=\"s12\"><span class=\"s13\"><span class=\"bumpedFont15\">.<\/span><\/span><\/p>\n","protected":false},"excerpt":{"rendered":"<p>PREFEITURA MUNICIPAL DE DESCOBERTO AVISO DE LICITA\u00c7\u00c3O Licita\u00e7\u00e3o n\u00b0 065\/2025 Modalidade de Dispensa Presencial n\u00b0 018\/2025 O Munic\u00edpio de DESCOBERTO, na forma da lei, faz saber a todos quantos o presente edital virem, ou dele conhecimento tiverem, que a partir das 14:00h do dia 19 de agosto de 2025, na Prefeitura Municipal na sala da [&hellip;]<\/p>\n","protected":false},"author":246,"featured_media":0,"comment_status":"closed","ping_status":"closed","sticky":false,"template":"","format":"standard","meta":{"footnotes":""},"categories":[307],"tags":[],"class_list":["post-229825","post","type-post","status-publish","format-standard","hentry","category-editais"],"_links":{"self":[{"href":"https:\/\/diarioregionaldigital.com.br\/index.php?rest_route=\/wp\/v2\/posts\/229825","targetHints":{"allow":["GET"]}}],"collection":[{"href":"https:\/\/diarioregionaldigital.com.br\/index.php?rest_route=\/wp\/v2\/posts"}],"about":[{"href":"https:\/\/diarioregionaldigital.com.br\/index.php?rest_route=\/wp\/v2\/types\/post"}],"author":[{"embeddable":true,"href":"https:\/\/diarioregionaldigital.com.br\/index.php?rest_route=\/wp\/v2\/users\/246"}],"replies":[{"embeddable":true,"href":"https:\/\/diarioregionaldigital.com.br\/index.php?rest_route=%2Fwp%2Fv2%2Fcomments&post=229825"}],"version-history":[{"count":1,"href":"https:\/\/diarioregionaldigital.com.br\/index.php?rest_route=\/wp\/v2\/posts\/229825\/revisions"}],"predecessor-version":[{"id":229826,"href":"https:\/\/diarioregionaldigital.com.br\/index.php?rest_route=\/wp\/v2\/posts\/229825\/revisions\/229826"}],"wp:attachment":[{"href":"https:\/\/diarioregionaldigital.com.br\/index.php?rest_route=%2Fwp%2Fv2%2Fmedia&parent=229825"}],"wp:term":[{"taxonomy":"category","embeddable":true,"href":"https:\/\/diarioregionaldigital.com.br\/index.php?rest_route=%2Fwp%2Fv2%2Fcategories&post=229825"},{"taxonomy":"post_tag","embeddable":true,"href":"https:\/\/diarioregionaldigital.com.br\/index.php?rest_route=%2Fwp%2Fv2%2Ftags&post=229825"}],"curies":[{"name":"wp","href":"https:\/\/api.w.org\/{rel}","templated":true}]}}