{"id":229822,"date":"2025-08-14T17:50:12","date_gmt":"2025-08-14T20:50:12","guid":{"rendered":"https:\/\/diarioregionaldigital.com.br\/?p=229822"},"modified":"2025-08-14T17:50:12","modified_gmt":"2025-08-14T20:50:12","slug":"escritores-promovem-manha-literaria-no-centro-de-convivencia-nossa-senhora-de-lourdes","status":"publish","type":"post","link":"https:\/\/diarioregionaldigital.com.br\/?p=229822","title":{"rendered":"Escritores promovem manh\u00e3 liter\u00e1ria no Centro de Conviv\u00eancia Nossa Senhora de Lourdes"},"content":{"rendered":"<p>Segundo informa\u00e7\u00f5es do site da Prefeitura de Juiz de Fora (PJF), na manh\u00e3 desta quinta-feira, 14, o Centro de Conviv\u00eancia do bairro Nossa Senhora de Lourdes recebeu o escritor M\u00e1rio Porto para uma atividade especial voltada \u00e0s crian\u00e7as da oficina liter\u00e1ria, com idades entre 6 e 10 anos. Durante o encontro, o autor realizou a conta\u00e7\u00e3o de hist\u00f3rias do livro A Joaninha, seguida de uma roda de conversa. Ao final, exemplares da obra foram distribu\u00eddos aos participantes.<\/p>\n<p>A iniciativa foi idealizada pela escritora Luciane Fontes, volunt\u00e1ria no Centro de Conviv\u00eancia e integrante da Academia Juiz-forana de Letras. Luciane coordena, semanalmente, \u00e0s segundas-feiras, a oficina liter\u00e1ria, incentivando o gosto pela leitura e pela escrita entre as crian\u00e7as.<\/p>\n<p>Autor de livros infantis e membro da Liga dos Escritores, Ilustradores e Autores de Juiz de Fora (Leia JF), M\u00e1rio Porto participou da programa\u00e7\u00e3o cultural do espa\u00e7o, que, na semana anterior, j\u00e1 havia recebido o ilustrador Alberto Pinto para ministrar uma oficina de desenho, promovendo atividades criativas e interativas com os pequenos.<\/p>\n<p>A oficina liter\u00e1ria acontece todas as segundas-feiras, das 8h30 \u00e0s 9h30, com o objetivo de estimular a criatividade e ampliar o repert\u00f3rio cultural das crian\u00e7as atendidas.<\/p>\n<p>O Centro de Conviv\u00eancia Nossa Senhora de Lourdes est\u00e1 localizado na Rua In\u00e1cio da Gama, n\u00ba 813. Mais informa\u00e7\u00f5es pelo telefone (32) 3235-2038.<\/p>\n","protected":false},"excerpt":{"rendered":"<p>Segundo informa\u00e7\u00f5es do site da Prefeitura de Juiz de Fora (PJF), na manh\u00e3 desta quinta-feira, 14, o Centro de Conviv\u00eancia do bairro Nossa Senhora de Lourdes recebeu o escritor M\u00e1rio Porto para uma atividade especial voltada \u00e0s crian\u00e7as da oficina liter\u00e1ria, com idades entre 6 e 10 anos. Durante o encontro, o autor realizou a [&hellip;]<\/p>\n","protected":false},"author":246,"featured_media":229823,"comment_status":"closed","ping_status":"closed","sticky":false,"template":"","format":"standard","meta":{"footnotes":""},"categories":[253,436,439],"tags":[],"class_list":["post-229822","post","type-post","status-publish","format-standard","has-post-thumbnail","hentry","category-cidade","category-destaque-da-semana","category-ultima-hora"],"_links":{"self":[{"href":"https:\/\/diarioregionaldigital.com.br\/index.php?rest_route=\/wp\/v2\/posts\/229822","targetHints":{"allow":["GET"]}}],"collection":[{"href":"https:\/\/diarioregionaldigital.com.br\/index.php?rest_route=\/wp\/v2\/posts"}],"about":[{"href":"https:\/\/diarioregionaldigital.com.br\/index.php?rest_route=\/wp\/v2\/types\/post"}],"author":[{"embeddable":true,"href":"https:\/\/diarioregionaldigital.com.br\/index.php?rest_route=\/wp\/v2\/users\/246"}],"replies":[{"embeddable":true,"href":"https:\/\/diarioregionaldigital.com.br\/index.php?rest_route=%2Fwp%2Fv2%2Fcomments&post=229822"}],"version-history":[{"count":1,"href":"https:\/\/diarioregionaldigital.com.br\/index.php?rest_route=\/wp\/v2\/posts\/229822\/revisions"}],"predecessor-version":[{"id":229824,"href":"https:\/\/diarioregionaldigital.com.br\/index.php?rest_route=\/wp\/v2\/posts\/229822\/revisions\/229824"}],"wp:featuredmedia":[{"embeddable":true,"href":"https:\/\/diarioregionaldigital.com.br\/index.php?rest_route=\/wp\/v2\/media\/229823"}],"wp:attachment":[{"href":"https:\/\/diarioregionaldigital.com.br\/index.php?rest_route=%2Fwp%2Fv2%2Fmedia&parent=229822"}],"wp:term":[{"taxonomy":"category","embeddable":true,"href":"https:\/\/diarioregionaldigital.com.br\/index.php?rest_route=%2Fwp%2Fv2%2Fcategories&post=229822"},{"taxonomy":"post_tag","embeddable":true,"href":"https:\/\/diarioregionaldigital.com.br\/index.php?rest_route=%2Fwp%2Fv2%2Ftags&post=229822"}],"curies":[{"name":"wp","href":"https:\/\/api.w.org\/{rel}","templated":true}]}}