{"id":229816,"date":"2025-08-14T17:48:13","date_gmt":"2025-08-14T20:48:13","guid":{"rendered":"https:\/\/diarioregionaldigital.com.br\/?p=229816"},"modified":"2025-08-14T17:48:13","modified_gmt":"2025-08-14T20:48:13","slug":"jogos-pela-categoria-sub-9-da-copa-prefeitura-de-futsal-2025-acontecem-neste-fim-de-semana","status":"publish","type":"post","link":"https:\/\/diarioregionaldigital.com.br\/?p=229816","title":{"rendered":"Jogos pela categoria sub-9 da Copa Prefeitura de Futsal 2025 acontecem neste fim de semana"},"content":{"rendered":"<p>Segundo informa\u00e7\u00f5es do site da Prefeitura de Juiz de Fora (PJF), a PJF, atrav\u00e9s da Secret\u00e1ria de Esporte e Lazer (SEL), realiza os jogos finais da categoria sub-9 da Copa Prefeitura de Futsal. Os jogos do &#8220;Festival&#8221; v\u00e3o acontecer no Col\u00e9gio Academia, neste s\u00e1bado, 16.<\/p>\n<div id=\"box_texto_noticia\">\n<p>Todos os atletas\/educandos desta categoria receber\u00e3o uma premia\u00e7\u00e3o especial. As partidas est\u00e3o programadas para iniciarem \u00e0s 13h15.<\/p>\n<p>O secret\u00e1rio de Esporte e Lazer, Marcelo Matta, ressalta a import\u00e2ncia da competi\u00e7\u00e3o que j\u00e1 tem mais de 40 anos de hist\u00f3ria em Juiz de Fora. \u201cA Copa Prefeitura de Futsal \u00e9 a maior disputa do segmento. Isso se d\u00e1 porque o evento n\u00e3o se restringe aos times de Juiz de Fora. N\u00f3s temos equipes de Barbacena, Coronel Pacheco, Goian\u00e1, Matias Barbosa e Ewbank da C\u00e2mara. Estamos muito felizes com as rodadas e com expectativa de bons jogos&#8221;, afirmou.<br \/>\n<strong>Esporte e forma\u00e7\u00e3o cidad\u00e3<\/strong><\/p>\n<p>Al\u00e9m da competi\u00e7\u00e3o esportiva, a Copa Prefeitura de Futsal tem como um de seus pilares a promo\u00e7\u00e3o da cultura da paz por meio do esporte. A SEL refor\u00e7a que o evento \u00e9 voltado para crian\u00e7as e adolescentes em forma\u00e7\u00e3o, e que \u00e9 fundamental o envolvimento consciente de todos os participantes, incluindo pais, respons\u00e1veis, professores e \u00e1rbitros. A filosofia da Copa defende que os jogos devem ser vistos como experi\u00eancias educativas, nas quais o respeito, o equil\u00edbrio emocional e o bom exemplo s\u00e3o fundamentais.<\/p>\n<p>Para garantir o bom andamento da competi\u00e7\u00e3o, a organiza\u00e7\u00e3o destaca pontos fundamentais: Todos os integrantes das equipes (jogadores e comiss\u00e3o t\u00e9cnica) devem apresentar documento oficial com foto, original ou c\u00f3pia autenticada, para participar das partidas.<\/p>\n<p>Ora\u00e7\u00f5es devem ser realizadas fora da quadra de jogo, respeitando o hor\u00e1rio previsto para o in\u00edcio dos confrontos.<\/p>\n<p><strong>O boletim completo est\u00e1 em anexo.<\/strong><\/p>\n<p>Outras Informa\u00e7\u00f5es:<\/p>\n<p>(32) 3690-7845 &#8211;\u00a0 Secretaria de Esporte e Lazer<\/p>\n<\/div>\n<p>&nbsp;<\/p>\n<div class=\"texto_anexo\"><img loading=\"lazy\" decoding=\"async\" src=\"https:\/\/www.pjf.mg.gov.br\/imagens\/clips.jpg\" width=\"22\" height=\"20\" \/>\u00a0<a href=\"https:\/\/www.pjf.mg.gov.br\/noticias\/anexo\/BOLETIN03-SUB-09.pdf.pdf\" target=\"_blank\" rel=\"noopener\">Veja o anexo<\/a><\/div>\n","protected":false},"excerpt":{"rendered":"<p>Segundo informa\u00e7\u00f5es do site da Prefeitura de Juiz de Fora (PJF), a PJF, atrav\u00e9s da Secret\u00e1ria de Esporte e Lazer (SEL), realiza os jogos finais da categoria sub-9 da Copa Prefeitura de Futsal. Os jogos do &#8220;Festival&#8221; v\u00e3o acontecer no Col\u00e9gio Academia, neste s\u00e1bado, 16. Todos os atletas\/educandos desta categoria receber\u00e3o uma premia\u00e7\u00e3o especial. As [&hellip;]<\/p>\n","protected":false},"author":246,"featured_media":229817,"comment_status":"closed","ping_status":"closed","sticky":false,"template":"","format":"standard","meta":{"footnotes":""},"categories":[253,436,440,257,439],"tags":[],"class_list":["post-229816","post","type-post","status-publish","format-standard","has-post-thumbnail","hentry","category-cidade","category-destaque-da-semana","category-destaques-do-dia","category-esporte","category-ultima-hora"],"_links":{"self":[{"href":"https:\/\/diarioregionaldigital.com.br\/index.php?rest_route=\/wp\/v2\/posts\/229816","targetHints":{"allow":["GET"]}}],"collection":[{"href":"https:\/\/diarioregionaldigital.com.br\/index.php?rest_route=\/wp\/v2\/posts"}],"about":[{"href":"https:\/\/diarioregionaldigital.com.br\/index.php?rest_route=\/wp\/v2\/types\/post"}],"author":[{"embeddable":true,"href":"https:\/\/diarioregionaldigital.com.br\/index.php?rest_route=\/wp\/v2\/users\/246"}],"replies":[{"embeddable":true,"href":"https:\/\/diarioregionaldigital.com.br\/index.php?rest_route=%2Fwp%2Fv2%2Fcomments&post=229816"}],"version-history":[{"count":1,"href":"https:\/\/diarioregionaldigital.com.br\/index.php?rest_route=\/wp\/v2\/posts\/229816\/revisions"}],"predecessor-version":[{"id":229818,"href":"https:\/\/diarioregionaldigital.com.br\/index.php?rest_route=\/wp\/v2\/posts\/229816\/revisions\/229818"}],"wp:featuredmedia":[{"embeddable":true,"href":"https:\/\/diarioregionaldigital.com.br\/index.php?rest_route=\/wp\/v2\/media\/229817"}],"wp:attachment":[{"href":"https:\/\/diarioregionaldigital.com.br\/index.php?rest_route=%2Fwp%2Fv2%2Fmedia&parent=229816"}],"wp:term":[{"taxonomy":"category","embeddable":true,"href":"https:\/\/diarioregionaldigital.com.br\/index.php?rest_route=%2Fwp%2Fv2%2Fcategories&post=229816"},{"taxonomy":"post_tag","embeddable":true,"href":"https:\/\/diarioregionaldigital.com.br\/index.php?rest_route=%2Fwp%2Fv2%2Ftags&post=229816"}],"curies":[{"name":"wp","href":"https:\/\/api.w.org\/{rel}","templated":true}]}}