{"id":229803,"date":"2025-08-13T21:20:51","date_gmt":"2025-08-14T00:20:51","guid":{"rendered":"https:\/\/diarioregionaldigital.com.br\/?p=229803"},"modified":"2025-08-13T21:20:51","modified_gmt":"2025-08-14T00:20:51","slug":"pjf-realiza-1a-conferencia-municipal-de-esporte-com-destaque-ao-fortalecimento-de-politicas-publicas","status":"publish","type":"post","link":"https:\/\/diarioregionaldigital.com.br\/?p=229803","title":{"rendered":"PJF realiza 1\u00aa Confer\u00eancia Municipal de Esporte com destaque ao fortalecimento de pol\u00edticas p\u00fablicas"},"content":{"rendered":"<p>Segundo informa\u00e7\u00f5es do site da Prefeitura de Juiz de Fora (PJF), a 1\u00aa Confer\u00eancia Municipal de Esporte, com o tema \u201cO Esporte a Servi\u00e7o de uma Cidade Educada, Saud\u00e1vel e Inclusiva\u201d, teve in\u00edcio na manh\u00e3 desta quarta-feira, 13, no Teatro Paschoal Carlos Magno.\u00a0 O encontro reuniu gestores, atletas, treinadores, agentes pol\u00edticos e empres\u00e1rios, com o prop\u00f3sito de discutir e criar a\u00e7\u00f5es para aproveitar oportunidades e superar obst\u00e1culos que dificultam o desenvolvimento do esporte na cidade.<\/p>\n<p>Promovido pela Prefeitura de Juiz de Fora (PJF), por meio da Secretaria de Esportes e Lazer, com apoio da Secretaria de Direitos Humanos (SEDH), o evento teve como objetivo debater e propor pol\u00edticas p\u00fablicas para o esporte no munic\u00edpio.<\/p>\n<p>Em sua fala de abertura, Margarida Salom\u00e3o destacou a import\u00e2ncia da confer\u00eancia para a participa\u00e7\u00e3o popular na constru\u00e7\u00e3o das pol\u00edticas p\u00fablicas, ressaltou a relev\u00e2ncia do Conselho Municipal de Esportes, e reconheceu o papel da C\u00e2mara Municipal na defini\u00e7\u00e3o de propostas desenvolvidas pela SEL.\u00a0 A prefeita tamb\u00e9m defendeu o esporte como direito social e enfatizou que as pot\u00eancias ol\u00edmpicas investem pesadamente na forma\u00e7\u00e3o e no recrutamento de novos talentos, papel que cabe ao Estado exercer de forma pedag\u00f3gica e indutora. Ela tamb\u00e9m valorizou a parceria entre o empresariado e o esporte amador, e ressaltou avan\u00e7os obtidos pela Prefeitura na amplia\u00e7\u00e3o de equipamentos esportivos e projetos em toda a cidade.<\/p>\n<p>O secret\u00e1rio Marcelo Matta abordou o cen\u00e1rio esportivo em Juiz de Fora, afirmando que o fortalecimento desta cultura deve come\u00e7ar desde a inf\u00e2ncia, com infraestrutura adequada para o desenvolvimento de habilidades. Refor\u00e7ou a import\u00e2ncia de equipamentos nas pra\u00e7as, do processo de ensino e aprendizagem, e dos Jogos Intercolegiais como espa\u00e7o de inicia\u00e7\u00e3o. Marcelo listou avan\u00e7os, como a inaugura\u00e7\u00e3o do Gin\u00e1sio Municipal Jornalista Ant\u00f4nio Marcos, a consolida\u00e7\u00e3o do JF V\u00f4lei, o crescimento das lutas, a amplia\u00e7\u00e3o de projetos no Parque Municipal, a oferta de atividades em 77 territ\u00f3rios da cidade, a implanta\u00e7\u00e3o de pr\u00e1ticas em todas as UBSs, a cria\u00e7\u00e3o de \u00e1reas de prote\u00e7\u00e3o para ciclistas e a instala\u00e7\u00e3o de pistas de downhill e skate.<\/p>\n<p>O executivo Ricardo Trade, com mais de 30 anos de atua\u00e7\u00e3o no esporte e ex-secret\u00e1rio Nacional de Alto Rendimento do Minist\u00e9rio do Esporte, ministrou palestra sobre a vis\u00e3o financeira e monet\u00e1ria do setor. Ele destacou que a pr\u00e1tica esportiva movimenta cerca de R$ 183,4 bilh\u00f5es, representando 1,69% do PIB nacional, e defendeu pol\u00edticas p\u00fablicas em parceria com o empresariado.<\/p>\n<p>O supervisor de Eventos Esportivos e Paradesportivos da SEL, Denis Souza, afirmou que a confer\u00eancia busca marcar um novo momento e consolidar Juiz de Fora como cidade esportiva, com base em educa\u00e7\u00e3o inclusiva e garantia de direitos.<\/p>\n<p>A abertura contou com a presen\u00e7a da prefeita de Juiz de Fora, Margarida Salom\u00e3o; do secret\u00e1rio de Esporte e Lazer (SEL), Marcelo Matta; do subsecret\u00e1rio de Esporte e Lazer, Basileu Tavares; do diretor da Faculdade de Educa\u00e7\u00e3o F\u00edsica e Desportos da Universidade Federal de Juiz de Fora (Faefid\/UFJF), Dilson Borges; e do representante do Conselho Municipal de Desportos, Pedro Del Monte J\u00fanior. Representando a C\u00e2mara Municipal, estiveram o vereador e presidente da Comiss\u00e3o de Esportes, Tiago Bonec\u00e3o, e o vereador Carlos Jos\u00e9 de Souza (Fiote), al\u00e9m dos vereadores Maur\u00edcio Delgado e Let\u00edcia Delgado e servidores da SEL<\/p>\n<p>A programa\u00e7\u00e3o segue em dois turnos: pela manh\u00e3, das 8h \u00e0s 12h, com palestras sobre pol\u00edticas p\u00fablicas para o esporte no Brasil, e \u00e0 tarde, das 13h30 \u00e0s 17h30, com grupos de discuss\u00e3o e plen\u00e1ria final no Ritz Plaza Hotel. Cada grupo apresentou at\u00e9 cinco propostas, debatidas em plen\u00e1ria geral e resumidas para a comiss\u00e3o organizadora, que ser\u00e1 respons\u00e1vel pela s\u00edntese do documento final. Diferente de outros encontros, esta confer\u00eancia n\u00e3o elegeu delegados para etapas estaduais ou nacionais, priorizando a discuss\u00e3o de pol\u00edticas p\u00fablicas e o fortalecimento do esporte como ferramenta de transforma\u00e7\u00e3o social, educa\u00e7\u00e3o e sa\u00fade na cidade.<\/p>\n","protected":false},"excerpt":{"rendered":"<p>Segundo informa\u00e7\u00f5es do site da Prefeitura de Juiz de Fora (PJF), a 1\u00aa Confer\u00eancia Municipal de Esporte, com o tema \u201cO Esporte a Servi\u00e7o de uma Cidade Educada, Saud\u00e1vel e Inclusiva\u201d, teve in\u00edcio na manh\u00e3 desta quarta-feira, 13, no Teatro Paschoal Carlos Magno.\u00a0 O encontro reuniu gestores, atletas, treinadores, agentes pol\u00edticos e empres\u00e1rios, com o [&hellip;]<\/p>\n","protected":false},"author":246,"featured_media":229804,"comment_status":"closed","ping_status":"closed","sticky":false,"template":"","format":"standard","meta":{"footnotes":""},"categories":[253,436,440,257,439],"tags":[],"class_list":["post-229803","post","type-post","status-publish","format-standard","has-post-thumbnail","hentry","category-cidade","category-destaque-da-semana","category-destaques-do-dia","category-esporte","category-ultima-hora"],"_links":{"self":[{"href":"https:\/\/diarioregionaldigital.com.br\/index.php?rest_route=\/wp\/v2\/posts\/229803","targetHints":{"allow":["GET"]}}],"collection":[{"href":"https:\/\/diarioregionaldigital.com.br\/index.php?rest_route=\/wp\/v2\/posts"}],"about":[{"href":"https:\/\/diarioregionaldigital.com.br\/index.php?rest_route=\/wp\/v2\/types\/post"}],"author":[{"embeddable":true,"href":"https:\/\/diarioregionaldigital.com.br\/index.php?rest_route=\/wp\/v2\/users\/246"}],"replies":[{"embeddable":true,"href":"https:\/\/diarioregionaldigital.com.br\/index.php?rest_route=%2Fwp%2Fv2%2Fcomments&post=229803"}],"version-history":[{"count":1,"href":"https:\/\/diarioregionaldigital.com.br\/index.php?rest_route=\/wp\/v2\/posts\/229803\/revisions"}],"predecessor-version":[{"id":229805,"href":"https:\/\/diarioregionaldigital.com.br\/index.php?rest_route=\/wp\/v2\/posts\/229803\/revisions\/229805"}],"wp:featuredmedia":[{"embeddable":true,"href":"https:\/\/diarioregionaldigital.com.br\/index.php?rest_route=\/wp\/v2\/media\/229804"}],"wp:attachment":[{"href":"https:\/\/diarioregionaldigital.com.br\/index.php?rest_route=%2Fwp%2Fv2%2Fmedia&parent=229803"}],"wp:term":[{"taxonomy":"category","embeddable":true,"href":"https:\/\/diarioregionaldigital.com.br\/index.php?rest_route=%2Fwp%2Fv2%2Fcategories&post=229803"},{"taxonomy":"post_tag","embeddable":true,"href":"https:\/\/diarioregionaldigital.com.br\/index.php?rest_route=%2Fwp%2Fv2%2Ftags&post=229803"}],"curies":[{"name":"wp","href":"https:\/\/api.w.org\/{rel}","templated":true}]}}