{"id":229795,"date":"2025-08-13T21:16:03","date_gmt":"2025-08-14T00:16:03","guid":{"rendered":"https:\/\/diarioregionaldigital.com.br\/?p=229795"},"modified":"2025-08-13T21:16:03","modified_gmt":"2025-08-14T00:16:03","slug":"governo-de-minas-apresenta-a-assembleia-legislativa-acoes-do-estado-para-adesao-ao-propag","status":"publish","type":"post","link":"https:\/\/diarioregionaldigital.com.br\/?p=229795","title":{"rendered":"Governo de Minas apresenta \u00e0 Assembleia Legislativa a\u00e7\u00f5es do estado para ades\u00e3o ao Propag"},"content":{"rendered":"<p>O vice-governador Mateus Sim\u00f5es\u00a0apresentou, nesta quarta-feira (13), \u00e0 Assembleia Legislativa de Minas Gerais (ALMG), um balan\u00e7o das a\u00e7\u00f5es do Executivo para a ades\u00e3o ao Programa de Pleno Pagamento de D\u00edvidas dos Estados (Propag). Ele tamb\u00e9m pediu celeridade aos deputados na tramita\u00e7\u00e3o de alguns projetos, tratados como priorit\u00e1rios pelo <a href=\"https:\/\/www.mg.gov.br\/\" target=\"_blank\" rel=\"noopener\">Governo de Minas<\/a>,\u00a0relativos ao programa.<\/p>\n<p>A apresenta\u00e7\u00e3o ocorreu durante reuni\u00e3o da Comiss\u00e3o de Fiscaliza\u00e7\u00e3o Financeira e Or\u00e7ament\u00e1ria (FFO). Mateus Sim\u00f5es ressaltou que, desde o in\u00edcio do processo, o Governo de Minas trabalha para garantir a aprova\u00e7\u00e3o das propostas e evitar que a d\u00edvida estadual se torne insustent\u00e1vel nos pr\u00f3ximos anos.<\/p>\n<p>\u201cEstou aqui, mais uma vez, desde o protocolo de 13 projetos que enviamos h\u00e1 quatro meses. O motivo de estar voltando \u00e9 que metade do prazo que o Governo Federal exigiu j\u00e1 se passou, e come\u00e7amos a ter preocupa\u00e7\u00e3o com eventuais atrasos na tramita\u00e7\u00e3o\u201d, afirmou o vice-governador.<\/p>\n<p>Mateus Sim\u00f5es elencou os projetos priorit\u00e1rios a serem aprovados pela ALMG e sancionados pelo Governo de Minas at\u00e9 o dia 31\/10, prazo estabelecido pelo Governo Federal.<\/p>\n<p>\u201cTemos, agora, pouco mais de 70 dias para tramitar preferencialmente, com maior urg\u00eancia, os projetos da PEC do fim do referendo, da federaliza\u00e7\u00e3o de Cemig, de Copasa e de MGI. Essas s\u00e3o nossas prioridades absolutas por conta do prazo previsto em decreto, dizendo que a gente tem que estar com a lei sancionada at\u00e9 o final do m\u00eas de outubro\u201d, disse Sim\u00f5es, refor\u00e7ando ainda que o eventual descumprimento do prazo pode comprometer a ades\u00e3o de Minas Gerais ao programa.<\/p>\n<p><strong>Protocolo<\/strong><\/p>\n<p>O vice-governador tamb\u00e9m\u00a0protocolou\u00a0na ALMG o projeto de lei para federaliza\u00e7\u00e3o da estatal <a href=\"https:\/\/www.mgipar.com.br\/\" target=\"_blank\" rel=\"noopener\">Minas Gerais Participa\u00e7\u00f5es (MGI)<\/a>. De acordo com Mateus Sim\u00f5es, isso ocorreu por conta da falta de interesse do Governo Federal em rela\u00e7\u00e3o \u00e0 <a href=\"https:\/\/emc.mg.gov.br\/institucional\/a-emc\/\" target=\"_blank\" rel=\"noopener\">Empresa Mineira de Comunica\u00e7\u00e3o (EMC)<\/a>.<\/p>\n<p>\u201cA\u00a0substitui\u00e7\u00e3o n\u00e3o tem efeito nenhum para a\u00a0popula\u00e7\u00e3o, pois ela (MGI) n\u00e3o atua no mercado, ela apenas\u00a0faz a venda de im\u00f3veis do Estado. Ela \u00e9 importante, pois a MGI possui 5% da Cemig. Ent\u00e3o, esse protocolo faz com que o Governo Federal fique com essa porcentagem da companhia\u201d, pontuou.<\/p>\n<p><strong>Projetos aprovados e pendentes<\/strong><\/p>\n<p>At\u00e9 o momento, j\u00e1 foram aprovados os projetos referentes \u00e0 <a href=\"http:\/\/www.codemge.com.br\/\" target=\"_blank\" rel=\"noopener\">Companhia de Desenvolvimento de Minas Gerais (Codemge)<\/a> e \u00e0 <a href=\"http:\/\/www.codemig.com.br\/\" target=\"_blank\" rel=\"noopener\">Companhia de Desenvolvimento Econ\u00f4mico de Minas Gerais (Codemig)<\/a>. Seguem pendentes de aprecia\u00e7\u00e3o de oito\u00a0propostas, entre elas as que tratam da <a href=\"https:\/\/www.cemig.com.br\/\" target=\"_blank\" rel=\"noopener\">Companhia Energ\u00e9tica de Minas Gerais (Cemig)<\/a>, da <a href=\"https:\/\/www.copasa.com.br\/wps\/portal\/internet\/\" target=\"_blank\" rel=\"noopener\">Companhia de Saneamento de Minas Gerais (Copasa)<\/a> e da Lei Geral de Oferta de Ativos Empresariais.<\/p>\n<p><strong>Negocia\u00e7\u00f5es do Estado<\/strong><\/p>\n<p>Sim\u00f5es tamb\u00e9m apresentou o balan\u00e7o do trabalho conduzido pelo Comit\u00ea Gestor do Propag (CGPropag),\u00a0que coordena as negocia\u00e7\u00f5es com a Uni\u00e3o. Desde o protocolo inicial, foram enviados 13 projetos de lei \u00e0 Assembleia, realizados mais de dez encontros presenciais em Bras\u00edlia e emitidos cerca de 30 of\u00edcios a nove \u00f3rg\u00e3os diferentes do Governo Federal.<\/p>\n<p>&nbsp;<\/p>\n<p>Fonte: Ag\u00eancia Minas<\/p>\n","protected":false},"excerpt":{"rendered":"<p>O vice-governador Mateus Sim\u00f5es\u00a0apresentou, nesta quarta-feira (13), \u00e0 Assembleia Legislativa de Minas Gerais (ALMG), um balan\u00e7o das a\u00e7\u00f5es do Executivo para a ades\u00e3o ao Programa de Pleno Pagamento de D\u00edvidas dos Estados (Propag). Ele tamb\u00e9m pediu celeridade aos deputados na tramita\u00e7\u00e3o de alguns projetos, tratados como priorit\u00e1rios pelo Governo de Minas,\u00a0relativos ao programa. A apresenta\u00e7\u00e3o [&hellip;]<\/p>\n","protected":false},"author":246,"featured_media":229796,"comment_status":"closed","ping_status":"closed","sticky":false,"template":"","format":"standard","meta":{"footnotes":""},"categories":[436,440,261,254,439],"tags":[],"class_list":["post-229795","post","type-post","status-publish","format-standard","has-post-thumbnail","hentry","category-destaque-da-semana","category-destaques-do-dia","category-economia","category-politica","category-ultima-hora"],"_links":{"self":[{"href":"https:\/\/diarioregionaldigital.com.br\/index.php?rest_route=\/wp\/v2\/posts\/229795","targetHints":{"allow":["GET"]}}],"collection":[{"href":"https:\/\/diarioregionaldigital.com.br\/index.php?rest_route=\/wp\/v2\/posts"}],"about":[{"href":"https:\/\/diarioregionaldigital.com.br\/index.php?rest_route=\/wp\/v2\/types\/post"}],"author":[{"embeddable":true,"href":"https:\/\/diarioregionaldigital.com.br\/index.php?rest_route=\/wp\/v2\/users\/246"}],"replies":[{"embeddable":true,"href":"https:\/\/diarioregionaldigital.com.br\/index.php?rest_route=%2Fwp%2Fv2%2Fcomments&post=229795"}],"version-history":[{"count":1,"href":"https:\/\/diarioregionaldigital.com.br\/index.php?rest_route=\/wp\/v2\/posts\/229795\/revisions"}],"predecessor-version":[{"id":229797,"href":"https:\/\/diarioregionaldigital.com.br\/index.php?rest_route=\/wp\/v2\/posts\/229795\/revisions\/229797"}],"wp:featuredmedia":[{"embeddable":true,"href":"https:\/\/diarioregionaldigital.com.br\/index.php?rest_route=\/wp\/v2\/media\/229796"}],"wp:attachment":[{"href":"https:\/\/diarioregionaldigital.com.br\/index.php?rest_route=%2Fwp%2Fv2%2Fmedia&parent=229795"}],"wp:term":[{"taxonomy":"category","embeddable":true,"href":"https:\/\/diarioregionaldigital.com.br\/index.php?rest_route=%2Fwp%2Fv2%2Fcategories&post=229795"},{"taxonomy":"post_tag","embeddable":true,"href":"https:\/\/diarioregionaldigital.com.br\/index.php?rest_route=%2Fwp%2Fv2%2Ftags&post=229795"}],"curies":[{"name":"wp","href":"https:\/\/api.w.org\/{rel}","templated":true}]}}