{"id":229781,"date":"2025-08-12T20:19:53","date_gmt":"2025-08-12T23:19:53","guid":{"rendered":"https:\/\/diarioregionaldigital.com.br\/?p=229781"},"modified":"2025-08-12T20:19:53","modified_gmt":"2025-08-12T23:19:53","slug":"juiz-de-fora-e-representada-na-etapa-estadual-dos-jogos-escolares-de-minas-gerais-2025","status":"publish","type":"post","link":"https:\/\/diarioregionaldigital.com.br\/?p=229781","title":{"rendered":"Juiz de Fora \u00e9 representada na etapa estadual dos Jogos Escolares de Minas Gerais 2025"},"content":{"rendered":"<p>Segundo informa\u00e7\u00f5es do site da Prefeitura de Juiz de Fora (PJF), a PJF, por meio da Secretaria de Esporte e Lazer (SEL), segue apoiando os estudantes-atletas do munic\u00edpio que participam da etapa estadual das modalidades individuais dos Jogos Escolares de Minas Gerais (JEMG) 2025. A PJF oferece transporte para atletas e professores das escolas municipais, estaduais, federais e particulares que representam a cidade na competi\u00e7\u00e3o.<\/p>\n<div id=\"box_texto_noticia\">\n<p>As disputas tiveram in\u00edcio no \u00faltimo domingo, 11, nas cidades de Araguari e Uberl\u00e2ndia, com as provas de atletismo, e seguem at\u00e9 esta sexta-feira, 16 de agosto. Ao todo, Juiz de Fora conta com 53 representantes, entre atletas masculinos e femininos, distribu\u00eddos nas seguintes modalidades:<\/p>\n<p>Jud\u00f4: 25 atletas<\/p>\n<p>Atletismo: 15 atletas<\/p>\n<p>Nata\u00e7\u00e3o: 8 atletas<\/p>\n<p>Karat\u00ea: 4 atletas<\/p>\n<p>T\u00eanis de mesa: 1 atleta<\/p>\n<p>Os estudantes garantiram vaga gra\u00e7as aos resultados conquistados nos Jogos Intercolegiais de Juiz de Fora de 2024 e 2025. Al\u00e9m de premiar os campe\u00f5es estaduais, a etapa tamb\u00e9m \u00e9 classificat\u00f3ria para os Jogos Escolares Brasileiros (JEBs), no caso dos alunos do M\u00f3dulo I, e para os Jogos da Juventude, para competidores do M\u00f3dulo II.<\/p>\n<p>O secret\u00e1rio de Esporte e Lazer, Marcelo Matta, celebrou a participa\u00e7\u00e3o e os resultados obtidos.\u00a0\u201cParabenizo todas as escolas que j\u00e1 representaram Juiz de Fora e deixo aqui o nosso desejo de sucesso para todos os atletas.\u201d<\/p>\n<\/div>\n<p>&nbsp;<\/p>\n","protected":false},"excerpt":{"rendered":"<p>Segundo informa\u00e7\u00f5es do site da Prefeitura de Juiz de Fora (PJF), a PJF, por meio da Secretaria de Esporte e Lazer (SEL), segue apoiando os estudantes-atletas do munic\u00edpio que participam da etapa estadual das modalidades individuais dos Jogos Escolares de Minas Gerais (JEMG) 2025. A PJF oferece transporte para atletas e professores das escolas municipais, [&hellip;]<\/p>\n","protected":false},"author":246,"featured_media":229782,"comment_status":"closed","ping_status":"closed","sticky":false,"template":"","format":"standard","meta":{"footnotes":""},"categories":[253,436,440,257,439],"tags":[],"class_list":["post-229781","post","type-post","status-publish","format-standard","has-post-thumbnail","hentry","category-cidade","category-destaque-da-semana","category-destaques-do-dia","category-esporte","category-ultima-hora"],"_links":{"self":[{"href":"https:\/\/diarioregionaldigital.com.br\/index.php?rest_route=\/wp\/v2\/posts\/229781","targetHints":{"allow":["GET"]}}],"collection":[{"href":"https:\/\/diarioregionaldigital.com.br\/index.php?rest_route=\/wp\/v2\/posts"}],"about":[{"href":"https:\/\/diarioregionaldigital.com.br\/index.php?rest_route=\/wp\/v2\/types\/post"}],"author":[{"embeddable":true,"href":"https:\/\/diarioregionaldigital.com.br\/index.php?rest_route=\/wp\/v2\/users\/246"}],"replies":[{"embeddable":true,"href":"https:\/\/diarioregionaldigital.com.br\/index.php?rest_route=%2Fwp%2Fv2%2Fcomments&post=229781"}],"version-history":[{"count":1,"href":"https:\/\/diarioregionaldigital.com.br\/index.php?rest_route=\/wp\/v2\/posts\/229781\/revisions"}],"predecessor-version":[{"id":229783,"href":"https:\/\/diarioregionaldigital.com.br\/index.php?rest_route=\/wp\/v2\/posts\/229781\/revisions\/229783"}],"wp:featuredmedia":[{"embeddable":true,"href":"https:\/\/diarioregionaldigital.com.br\/index.php?rest_route=\/wp\/v2\/media\/229782"}],"wp:attachment":[{"href":"https:\/\/diarioregionaldigital.com.br\/index.php?rest_route=%2Fwp%2Fv2%2Fmedia&parent=229781"}],"wp:term":[{"taxonomy":"category","embeddable":true,"href":"https:\/\/diarioregionaldigital.com.br\/index.php?rest_route=%2Fwp%2Fv2%2Fcategories&post=229781"},{"taxonomy":"post_tag","embeddable":true,"href":"https:\/\/diarioregionaldigital.com.br\/index.php?rest_route=%2Fwp%2Fv2%2Ftags&post=229781"}],"curies":[{"name":"wp","href":"https:\/\/api.w.org\/{rel}","templated":true}]}}