{"id":229764,"date":"2025-08-11T19:33:51","date_gmt":"2025-08-11T22:33:51","guid":{"rendered":"https:\/\/diarioregionaldigital.com.br\/?p=229764"},"modified":"2025-08-11T19:33:51","modified_gmt":"2025-08-11T22:33:51","slug":"dia-d-de-vacinacao-contra-a-dengue-acontece-neste-sabado-16-nas-ubss-de-juiz-de-fora","status":"publish","type":"post","link":"https:\/\/diarioregionaldigital.com.br\/?p=229764","title":{"rendered":"Dia D de vacina\u00e7\u00e3o contra a dengue acontece neste s\u00e1bado, 16, nas UBSs de Juiz de Fora"},"content":{"rendered":"<p>Segundo informa\u00e7\u00f5es do site da Prefeitura de Juiz de Fora (PJF), neste s\u00e1bado, 16, as equipes da Secretaria de Sa\u00fade (SS) estar\u00e3o mobilizadas para receber a popula\u00e7\u00e3o, aplicar as vacinas e orientar as fam\u00edlias durante o Dia D de vacina\u00e7\u00e3o contra a dengue. A a\u00e7\u00e3o acontecer\u00e1 em todas as Unidades B\u00e1sicas de Sa\u00fade (UBS) do munic\u00edpio, das 8h \u00e0s 12h, para imuniza\u00e7\u00e3o de crian\u00e7as e adolescentes de 10 a 14 anos.<\/p>\n<p>O objetivo da Prefeitura de Juiz de Fora (PJF) \u00e9 ampliar a cobertura vacinal e refor\u00e7ar a import\u00e2ncia da segunda dose, que deve ser aplicada tr\u00eas meses ap\u00f3s a primeira. A aplica\u00e7\u00e3o da segunda dose \u00e9 essencial para garantir a prote\u00e7\u00e3o completa contra o v\u00edrus e reduzir o risco de complica\u00e7\u00f5es da doen\u00e7a.<\/p>\n<p>Para assegurar um atendimento \u00e1gil e organizado, \u00e9 importante que os respons\u00e1veis apresentem o cart\u00e3o de vacina\u00e7\u00e3o da crian\u00e7a ou adolescente, al\u00e9m de um documento de identifica\u00e7\u00e3o oficial, como carteira de identidade ou certid\u00e3o de nascimento. Esses documentos s\u00e3o essenciais para o registro correto da vacina\u00e7\u00e3o e para o acompanhamento do esquema vacinal completo.<\/p>\n<p><strong>Sobre a vacina<\/strong><\/p>\n<p>A Qdenga \u00e9 um imunizante tetravalente desenvolvido a partir do v\u00edrus vivo atenuado, ou seja, o micro-organismo foi enfraquecido para n\u00e3o causar a doen\u00e7a, mas capaz de estimular o sistema imunol\u00f3gico a produzir anticorpos. Esse tipo de tecnologia proporciona uma resposta de defesa mais pr\u00f3xima da que ocorre em infec\u00e7\u00f5es naturais, garantindo ampla prote\u00e7\u00e3o contra os quatro sorotipos do v\u00edrus da dengue: DENV-1, DENV-2, DENV-3 e DENV-4.<\/p>\n<p>A vacina\u00e7\u00e3o do p\u00fablico de 10 a 14 anos se baseia em dados epidemiol\u00f3gicos, uma vez que essa faixa et\u00e1ria concentra o maior n\u00famero de interna\u00e7\u00f5es e complica\u00e7\u00f5es. A Secretaria de Sa\u00fade refor\u00e7a que a prote\u00e7\u00e3o contra a dengue s\u00f3 \u00e9 garantida de forma completa ap\u00f3s a aplica\u00e7\u00e3o das duas doses da vacina, com intervalo de tr\u00eas meses entre elas. Por isso, mesmo quem j\u00e1 recebeu a primeira dose deve comparecer \u00e0 UBS na data indicada para concluir o esquema vacinal e assegurar a efic\u00e1cia do imunizante.<\/p>\n<p><strong>Orienta\u00e7\u00f5es essenciais: intervalo ap\u00f3s infec\u00e7\u00e3o recente por dengue<\/strong><\/p>\n<p>Para quem teve dengue recentemente, recomenda-se aguardar ao menos seis meses ap\u00f3s o fim dos sintomas antes de iniciar a vacina\u00e7\u00e3o;<br \/>\nSe a pessoa contraiu dengue entre as duas doses da vacina, n\u00e3o \u00e9 necess\u00e1rio reiniciar o esquema: basta manter a aplica\u00e7\u00e3o da segunda dose respeitando o intervalo m\u00ednimo de 30 dias a partir do in\u00edcio dos sintomas.<\/p>\n<p><strong>Vacinar \u00e9 fundamental<\/strong><\/p>\n<p>A dengue \u00e9 transmitida pelo mosquito Aedes aegypti e est\u00e1 presente em grande parte do territ\u00f3rio brasileiro. A doen\u00e7a pode se manifestar de forma leve, mas tamb\u00e9m evoluir para quadros mais graves. A vacina\u00e7\u00e3o \u00e9 uma das estrat\u00e9gias mais eficazes para reduzir hospitaliza\u00e7\u00f5es e \u00f3bitos, complementando medidas de combate ao mosquito, como elimina\u00e7\u00e3o de criadouros e uso de repelentes.<\/p>\n<p><strong>A\u00e7\u00f5es de combate \u00e0 dengue em Juiz de Fora<\/strong><\/p>\n<p>Semanalmente, a Prefeitura de Juiz de Fora (PJF) realiza, por meio dos Agentes de Combate \u00e0s Endemias (ACE), rotas de visitas e vistorias a resid\u00eancias e lotes em diversos bairros do munic\u00edpio. As atividades acontecem conforme cronograma definido pela Subsecretaria de Vigil\u00e2ncia em Sa\u00fade (SsVS).<\/p>\n<p>No decorrer da visita, sempre acompanhado pelo respons\u00e1vel do im\u00f3vel, o ACE deve orientar e avaliar as situa\u00e7\u00f5es de risco, remanejando e\/ou eliminando os recipientes que possam acumular \u00e1gua e\/ou que n\u00e3o tenham utilidade. O agente dever\u00e1 tratar corretamente com larvicida aqueles recipientes que n\u00e3o puderem ser eliminados. As visitas s\u00e3o feitas na parte externa e interna das resid\u00eancias.<\/p>\n<p>Neste momento, quando a circula\u00e7\u00e3o da dengue diminui, \u00e9 muito importante receber os agentes para evitar que tenhamos crescimento de casos durante o per\u00edodo prop\u00edcio para a reprodu\u00e7\u00e3o do mosquito. \u00c9 importante que os moradores fiquem atentos \u00e0s orienta\u00e7\u00f5es dos agentes e os recebam, visto que a maioria dos focos est\u00e3o dentro das casas.<\/p>\n<p><strong>Para ajudar nos trabalhos, a PJF deixa algumas dicas<\/strong><\/p>\n<p>O combate \u00e0 dengue \u00e9 uma responsabilidade compartilhada que depende diretamente da participa\u00e7\u00e3o de toda a popula\u00e7\u00e3o. Pequenas a\u00e7\u00f5es realizadas no dia a dia, de forma cont\u00ednua, podem impedir a prolifera\u00e7\u00e3o do mosquito transmissor da doen\u00e7a. A elimina\u00e7\u00e3o de criadouros \u00e9 a medida mais eficaz, e cada morador tem papel fundamental na preven\u00e7\u00e3o, cuidando de sua casa, quintal e entorno. Atitudes simples, mas constantes, salvam vidas e protegem toda a comunidade.<\/p>\n<p>Sempre verifique os ralos e a cisterna, brom\u00e9lias, plantas aqu\u00e1ticas e troncos de \u00e1rvores no jardim;<br \/>\nRetire os pratinhos das plantas, tampe os tambores com \u00e1gua de chuva;<br \/>\nVerifique tamb\u00e9m os banheiros em desuso, as caixas d\u2019\u00e1gua e inspecione o quintal;<br \/>\nDescarte o seu lixo corretamente;<br \/>\nMantenha a piscina sempre tratada, mesmo se estiver em desuso.<\/p>\n<p><strong>Ferramenta de den\u00fancias<\/strong><\/p>\n<p>Al\u00e9m de participar ativamente na preven\u00e7\u00e3o contra as arboviroses, a popula\u00e7\u00e3o pode ajudar com den\u00fancias an\u00f4nimas sobre focos do Aedes aegypti em Juiz de Fora e regi\u00e3o.<a href=\"https:\/\/jfcontraoaedes.pjf.mg.gov.br\/\"> O sistema JF Contra o Aedes: Orienta\u00e7\u00e3o e Preven\u00e7\u00e3o <\/a>recebe den\u00fancias de locais de criadouros do mosquito e tem como finalidade mapear as informa\u00e7\u00f5es das doen\u00e7as causadas pelo mosquito: dengue, zika, febre amarela e chikungunya. A plataforma roda em smartphones, tablets, notebooks e computadores e pode ser acessada em qualquer navegador.<\/p>\n<p>A popula\u00e7\u00e3o tamb\u00e9m pode auxiliar no combate por meio de den\u00fancias de poss\u00edveis focos atrav\u00e9s do WhatsApp, pelo n\u00famero <a href=\"tel:(32) 98432-4608\">(32) 98432-4608<\/a>, ou pelo e-mail dengue@pjf.mg.gov.br. Den\u00fancias podem ser feitas, ainda, em qualquer um dos 11 postos do Departamento de Informa\u00e7\u00e3o Geral e Atendimento (Diga) espalhados pelo munic\u00edpio.<\/p>\n","protected":false},"excerpt":{"rendered":"<p>Segundo informa\u00e7\u00f5es do site da Prefeitura de Juiz de Fora (PJF), neste s\u00e1bado, 16, as equipes da Secretaria de Sa\u00fade (SS) estar\u00e3o mobilizadas para receber a popula\u00e7\u00e3o, aplicar as vacinas e orientar as fam\u00edlias durante o Dia D de vacina\u00e7\u00e3o contra a dengue. A a\u00e7\u00e3o acontecer\u00e1 em todas as Unidades B\u00e1sicas de Sa\u00fade (UBS) do [&hellip;]<\/p>\n","protected":false},"author":246,"featured_media":229765,"comment_status":"closed","ping_status":"closed","sticky":false,"template":"","format":"standard","meta":{"footnotes":""},"categories":[253,436,440,439],"tags":[],"class_list":["post-229764","post","type-post","status-publish","format-standard","has-post-thumbnail","hentry","category-cidade","category-destaque-da-semana","category-destaques-do-dia","category-ultima-hora"],"_links":{"self":[{"href":"https:\/\/diarioregionaldigital.com.br\/index.php?rest_route=\/wp\/v2\/posts\/229764","targetHints":{"allow":["GET"]}}],"collection":[{"href":"https:\/\/diarioregionaldigital.com.br\/index.php?rest_route=\/wp\/v2\/posts"}],"about":[{"href":"https:\/\/diarioregionaldigital.com.br\/index.php?rest_route=\/wp\/v2\/types\/post"}],"author":[{"embeddable":true,"href":"https:\/\/diarioregionaldigital.com.br\/index.php?rest_route=\/wp\/v2\/users\/246"}],"replies":[{"embeddable":true,"href":"https:\/\/diarioregionaldigital.com.br\/index.php?rest_route=%2Fwp%2Fv2%2Fcomments&post=229764"}],"version-history":[{"count":1,"href":"https:\/\/diarioregionaldigital.com.br\/index.php?rest_route=\/wp\/v2\/posts\/229764\/revisions"}],"predecessor-version":[{"id":229766,"href":"https:\/\/diarioregionaldigital.com.br\/index.php?rest_route=\/wp\/v2\/posts\/229764\/revisions\/229766"}],"wp:featuredmedia":[{"embeddable":true,"href":"https:\/\/diarioregionaldigital.com.br\/index.php?rest_route=\/wp\/v2\/media\/229765"}],"wp:attachment":[{"href":"https:\/\/diarioregionaldigital.com.br\/index.php?rest_route=%2Fwp%2Fv2%2Fmedia&parent=229764"}],"wp:term":[{"taxonomy":"category","embeddable":true,"href":"https:\/\/diarioregionaldigital.com.br\/index.php?rest_route=%2Fwp%2Fv2%2Fcategories&post=229764"},{"taxonomy":"post_tag","embeddable":true,"href":"https:\/\/diarioregionaldigital.com.br\/index.php?rest_route=%2Fwp%2Fv2%2Ftags&post=229764"}],"curies":[{"name":"wp","href":"https:\/\/api.w.org\/{rel}","templated":true}]}}