{"id":229744,"date":"2025-08-08T19:05:13","date_gmt":"2025-08-08T22:05:13","guid":{"rendered":"https:\/\/diarioregionaldigital.com.br\/?p=229744"},"modified":"2025-08-08T19:05:13","modified_gmt":"2025-08-08T22:05:13","slug":"jogos-pan-americanos-junior-comecam-neste-sabado-no-paraguai","status":"publish","type":"post","link":"https:\/\/diarioregionaldigital.com.br\/?p=229744","title":{"rendered":"Jogos Pan-Americanos J\u00fanior come\u00e7am neste s\u00e1bado no Paraguai"},"content":{"rendered":"<p>O ciclo ol\u00edmpico rumo a Los Angeles 2028 come\u00e7a neste s\u00e1bado (9) com a abertura dos Jogos Pan-Americanos J\u00fanior Assun\u00e7\u00e3o 2025, primeira competi\u00e7\u00e3o multimodalidades ap\u00f3s Paris 2024. Ser\u00e3o quase 4 mil atletas, com no m\u00e1ximo 23 anos de idade, competindo em 42 modalidades (individuais e coletivas), em diferentes cidades do Paraguai. Antes mesmo da cerim\u00f4nia de abertura, \u00e0s 21h\u00a0(hor\u00e1rio de Bras\u00edlia) deste s\u00e1bado (9), ocorrer\u00e3o provas classificat\u00f3rias do remo, no mesmo dia, a partir das 8h. Os Jogos ter\u00e3o<a href=\"http:\/\/xn--vlei,%20seleo%20brasileira%20masculina%20jnior-k2d5qzyxk\/\"><strong>\u00a0transmiss\u00e3o ao vivo online<\/strong><\/a>\u00a0(<em>on streaming<\/em>) no canal do\u00a0Comit\u00ea Ol\u00edmpico do Brasil (COB) no YouTube. A competi\u00e7\u00e3o se estender\u00e1 at\u00e9 23 de agosto.\u00a0<img decoding=\"async\" src=\"https:\/\/agenciabrasil.ebc.com.br\/ebc.png?id=1653790&amp;o=node\" \/><img decoding=\"async\" src=\"https:\/\/agenciabrasil.ebc.com.br\/ebc.gif?id=1653790&amp;o=node\" \/><\/p>\n<p>A delega\u00e7\u00e3o brasileira conta com 358 representantes, desde novos talentos at\u00e9 atletas experientes como os nadadores Guilherme Carib\u00e9, campe\u00e3o sul-americano &#8211; escolhido embaixador dos Jogos &#8211; e Stephanie Balduccini, finalista ol\u00edmpica e campe\u00e3 pan-americana.<\/p>\n<p>Al\u00e9m da busca pelo p\u00f3dio, os competidores miram as 231 vagas diretas para os Jogos Pan-Americanos de Lima (Peru), em 2027.<\/p>\n<p>Boa parte dos atletas brasileiros desembarcou na \u00faltima quinta (7) em Assun\u00e7\u00e3o. Entre eles, a piauiense Juliana Viana, de 20 anos. Em abril, a atleta de badminton faturou para o Brasil o in\u00e9dito t\u00edtulo de simples para o Brasil na disputa de simples do badminton no Campeonato Pan-Americano da modalidade, em Lima (Peru).<\/p>\n<p>&#8220;\u00c9 o meu segundo Pan J\u00fanior. Estou com uma expectativa muito alta de fazer um bom resultado, contribuir com o quadro de medalhas do Brasil. J\u00e1 estive aqui em Assun\u00e7\u00e3o tamb\u00e9m participando dos Jogos Sul-americanos Adulto, de onde sa\u00ed com tr\u00eas ouros, ent\u00e3o eu realmente estou me sentindo em casa e espero fazer um bom resultado&#8221;, disse Juliana, referindo-se \u00e0 primeira edi\u00e7\u00e3o dos Jogos, realizada em Cali (Col\u00f4mbia), em 2021.<\/p>\n<p>Diferentemente da edi\u00e7\u00e3o inaugural em Cali, a atual em Assun\u00e7\u00e3o ganhou mais sete modalidades: \u00e1guas abertas (maratona aqu\u00e1tica), ciclismo BMX Freestyle,<em>\u00a0wakeboard<\/em>\u00a0(esqui aqu\u00e1tico), golfe, h\u00f3quei sobre a grama, r\u00fagbi sevens e tiro esportivo.<\/p>\n<p>O Brasil liderou o quadro de medalhas na primeira edi\u00e7\u00e3o. Foram ao todo 164 p\u00f3dios, com 59 medalhas de ouro, 49 de prata e 56 de bronze.<\/p>\n<p>Fonte: Ag\u00eancia Minas<\/p>\n","protected":false},"excerpt":{"rendered":"<p>O ciclo ol\u00edmpico rumo a Los Angeles 2028 come\u00e7a neste s\u00e1bado (9) com a abertura dos Jogos Pan-Americanos J\u00fanior Assun\u00e7\u00e3o 2025, primeira competi\u00e7\u00e3o multimodalidades ap\u00f3s Paris 2024. Ser\u00e3o quase 4 mil atletas, com no m\u00e1ximo 23 anos de idade, competindo em 42 modalidades (individuais e coletivas), em diferentes cidades do Paraguai. Antes mesmo da cerim\u00f4nia [&hellip;]<\/p>\n","protected":false},"author":246,"featured_media":229745,"comment_status":"closed","ping_status":"closed","sticky":false,"template":"","format":"standard","meta":{"footnotes":""},"categories":[436,440,257,439],"tags":[],"class_list":["post-229744","post","type-post","status-publish","format-standard","has-post-thumbnail","hentry","category-destaque-da-semana","category-destaques-do-dia","category-esporte","category-ultima-hora"],"_links":{"self":[{"href":"https:\/\/diarioregionaldigital.com.br\/index.php?rest_route=\/wp\/v2\/posts\/229744","targetHints":{"allow":["GET"]}}],"collection":[{"href":"https:\/\/diarioregionaldigital.com.br\/index.php?rest_route=\/wp\/v2\/posts"}],"about":[{"href":"https:\/\/diarioregionaldigital.com.br\/index.php?rest_route=\/wp\/v2\/types\/post"}],"author":[{"embeddable":true,"href":"https:\/\/diarioregionaldigital.com.br\/index.php?rest_route=\/wp\/v2\/users\/246"}],"replies":[{"embeddable":true,"href":"https:\/\/diarioregionaldigital.com.br\/index.php?rest_route=%2Fwp%2Fv2%2Fcomments&post=229744"}],"version-history":[{"count":1,"href":"https:\/\/diarioregionaldigital.com.br\/index.php?rest_route=\/wp\/v2\/posts\/229744\/revisions"}],"predecessor-version":[{"id":229746,"href":"https:\/\/diarioregionaldigital.com.br\/index.php?rest_route=\/wp\/v2\/posts\/229744\/revisions\/229746"}],"wp:featuredmedia":[{"embeddable":true,"href":"https:\/\/diarioregionaldigital.com.br\/index.php?rest_route=\/wp\/v2\/media\/229745"}],"wp:attachment":[{"href":"https:\/\/diarioregionaldigital.com.br\/index.php?rest_route=%2Fwp%2Fv2%2Fmedia&parent=229744"}],"wp:term":[{"taxonomy":"category","embeddable":true,"href":"https:\/\/diarioregionaldigital.com.br\/index.php?rest_route=%2Fwp%2Fv2%2Fcategories&post=229744"},{"taxonomy":"post_tag","embeddable":true,"href":"https:\/\/diarioregionaldigital.com.br\/index.php?rest_route=%2Fwp%2Fv2%2Ftags&post=229744"}],"curies":[{"name":"wp","href":"https:\/\/api.w.org\/{rel}","templated":true}]}}