{"id":229734,"date":"2025-08-08T19:01:39","date_gmt":"2025-08-08T22:01:39","guid":{"rendered":"https:\/\/diarioregionaldigital.com.br\/?p=229734"},"modified":"2025-08-08T19:01:39","modified_gmt":"2025-08-08T22:01:39","slug":"governo-de-minas-vence-premio-de-inovacao-publica-com-tecnologia-que-amplia-atendimento-em-saude","status":"publish","type":"post","link":"https:\/\/diarioregionaldigital.com.br\/?p=229734","title":{"rendered":"Governo de Minas vence pr\u00eamio de inova\u00e7\u00e3o p\u00fablica com tecnologia que amplia atendimento em sa\u00fade"},"content":{"rendered":"<p><main class=\"clear margin-md-bottom-3\"><\/p>\n<div class=\"clear \">\n<p>O\u00a0<a href=\"https:\/\/www.mg.gov.br\/\" target=\"_blank\" rel=\"noopener\">Governo de Minas<\/a>\u00a0venceu o Gov.Digital 2025, nas categorias Melhor Solu\u00e7\u00e3o de Governo Digital Orientada ao Governo e Valor P\u00fablico de Excel\u00eancia Digital, concedidos pela Associa\u00e7\u00e3o Brasileira de Entidades Estaduais e P\u00fablicas de Tecnologia da Informa\u00e7\u00e3o e Comunica\u00e7\u00e3o (Abep-TIC). O pr\u00eamio \u00e9 o maior do pa\u00eds para a gest\u00e3o p\u00fablica e foi entregue em cerim\u00f4nia realizada na quinta-feira (7\/8), em Bras\u00edlia.<\/p>\n<figure class=\"image\"><img decoding=\"async\" src=\"https:\/\/www.agenciaminas.mg.gov.br\/ckeditor_assets\/pictures\/23265\/content_2025_08_08_premio_sef.jpeg\" alt=\"\" \/><figcaption><sub><em>Secop \/ Divulga\u00e7\u00e3o<\/em><\/sub><\/figcaption><\/figure>\n<p>As conquistas s\u00e3o resultado da iniciativa Transforma\u00e7\u00e3o Digital da Gest\u00e3o dos Centros de Refer\u00eancia para Imunobiol\u00f3gicos Especiais (Crie-MG), desenvolvida em parceria entre\u00a0<a href=\"https:\/\/www.prodemge.gov.br\/\" target=\"_blank\" rel=\"noopener\">Companhia de Tecnologia da Informa\u00e7\u00e3o de Minas Gerais (Prodemge)<\/a>\u00a0e as secretarias de\u00a0<a href=\"https:\/\/www.mg.gov.br\/planejamento\" target=\"_blank\" rel=\"noopener\">Planejamento e Gest\u00e3o (Seplag)<\/a>\u00a0e de\u00a0<a href=\"https:\/\/www.saude.mg.gov.br\/\" target=\"_blank\" rel=\"noopener\">Sa\u00fade (SES-MG)<\/a>.<\/p>\n<p>&#8220;Este reconhecimento \u00e9 uma prova de que a integra\u00e7\u00e3o entre Seplag\u2011MG, Prodemge e SES\u2011MG est\u00e1 gerando resultados concretos, entregando um servi\u00e7o p\u00fablico mais simples, \u00e1gil e eficiente para os cidad\u00e3os mineiros&#8221;, disse o subsecret\u00e1rio de Transforma\u00e7\u00e3o Digital e Atendimento ao Cidad\u00e3o da Seplag-MG, Rodrigo Diniz.<\/p>\n<p>Superintendente de Planejamento, Controle e Qualidade da Prodemge, Augusto Zadra destacou o trabalho da companhia mineira no fornecimento de solu\u00e7\u00f5es digitais robustas e escal\u00e1veis, com baixo custo e alto impacto, e da Seplag, no fomento a pol\u00edticas p\u00fablicas inovadoras e centradas na popula\u00e7\u00e3o.<\/p>\n<p>&#8220;Os pr\u00eamios refor\u00e7am a credibilidade do Estado e da Prodemge como refer\u00eancias na entrega de tecnologias de governo e formula\u00e7\u00e3o de estrat\u00e9gias que viabilizam sua ado\u00e7\u00e3o. Hoje somos um ecossistema inovador, colaborativo e comprometido com a melhoria dos servi\u00e7os p\u00fablicos, e que tem sido modelo para outras administra\u00e7\u00f5es do pa\u00eds&#8221;.<\/p>\n<p><strong>Solu\u00e7\u00e3o premiada\u00a0<\/strong><\/p>\n<p>O projeto vencedor destaca o ProBPMS, solu\u00e7\u00e3o que vem revolucionando a gest\u00e3o de servi\u00e7os p\u00fablicos.\u00a0Nos Crie, a tecnologia tem facilitado e ampliado o acesso a vacinas e imunobiol\u00f3gicos para pessoas com condi\u00e7\u00f5es cl\u00ednicas especiais. Saiba mais\u00a0<a href=\"https:\/\/www.agenciaminas.mg.gov.br\/ckeditor_assets\/attachments\/23267\/tecnologia_amplia_alcance_e_agiliza_atendimento_dos_crie_em_minas.pdf\" target=\"_blank\" rel=\"noopener\">neste link<\/a>.<\/p>\n<p>&#8220;O novo fluxo digital de solicita\u00e7\u00e3o de imunobiol\u00f3gicos especiais trouxe mais agilidade, transpar\u00eancia e efici\u00eancia para todo o processo&#8221;, comemora Eduardo Prosdocimi, subsecret\u00e1rio de Vigil\u00e2ncia em Sa\u00fade da SES-MG.<\/p>\n<p>O ProBPMS \u00e9 desenvolvido pela Prodemge com apoio da Seplag, financiamento do Banco Nacional de Desenvolvimento Econ\u00f4mico e Social (BNDES) e parceria com a\u00a0<a href=\"https:\/\/www.casacivil.mg.gov.br\/\" target=\"_blank\" rel=\"noopener\">Secretaria de Casa Civil (SCC)<\/a>.<\/p>\n<p><strong>Tesouro em quadrinhos<\/strong><\/p>\n<p>O Governo de Minas tamb\u00e9m conquistou o terceiro lugar na categoria Melhor Solu\u00e7\u00e3o para Governo Aberto, da Secretaria de Estado de Fazenda de Minas Gerais (SEF\/MG), com o projeto\u00a0<a href=\"https:\/\/www.fazenda.mg.gov.br\/governo\/contadoria_geral\/relatorio_contabil\/balanco_cidadao-00001\/Balanco-Cidadao-2024-site.pdf\" target=\"_blank\" rel=\"noopener\">Balan\u00e7o Cidad\u00e3o<\/a>. A iniciativa demonstra as informa\u00e7\u00f5es cont\u00e1beis e fiscais do Estado no formato de hist\u00f3ria em quadrinhos.<\/p>\n<p>O subsecret\u00e1rio do Tesouro Estadual, F\u00e1bio Amaral, destacou o impacto positivo do projeto. &#8220;A escolha do formato foi fundamental para expor uma ampla vis\u00e3o sobre a gest\u00e3o do patrim\u00f4nio p\u00fablico, origem e aplica\u00e7\u00e3o dos recursos, de forma leve e descomplicada. A solu\u00e7\u00e3o foi pensada de forma estrat\u00e9gica para permitir que o cidad\u00e3o acompanhe as realiza\u00e7\u00f5es do Governo de Minas Gerais&#8221;, afirmou.<\/p>\n<p>Fonte: Ag\u00eancia Minas<\/p>\n<\/div>\n<p><\/main><\/p>\n","protected":false},"excerpt":{"rendered":"<p>O\u00a0Governo de Minas\u00a0venceu o Gov.Digital 2025, nas categorias Melhor Solu\u00e7\u00e3o de Governo Digital Orientada ao Governo e Valor P\u00fablico de Excel\u00eancia Digital, concedidos pela Associa\u00e7\u00e3o Brasileira de Entidades Estaduais e P\u00fablicas de Tecnologia da Informa\u00e7\u00e3o e Comunica\u00e7\u00e3o (Abep-TIC). O pr\u00eamio \u00e9 o maior do pa\u00eds para a gest\u00e3o p\u00fablica e foi entregue em cerim\u00f4nia realizada [&hellip;]<\/p>\n","protected":false},"author":246,"featured_media":229735,"comment_status":"closed","ping_status":"closed","sticky":false,"template":"","format":"standard","meta":{"footnotes":""},"categories":[436,440,261,254,439],"tags":[],"class_list":["post-229734","post","type-post","status-publish","format-standard","has-post-thumbnail","hentry","category-destaque-da-semana","category-destaques-do-dia","category-economia","category-politica","category-ultima-hora"],"_links":{"self":[{"href":"https:\/\/diarioregionaldigital.com.br\/index.php?rest_route=\/wp\/v2\/posts\/229734","targetHints":{"allow":["GET"]}}],"collection":[{"href":"https:\/\/diarioregionaldigital.com.br\/index.php?rest_route=\/wp\/v2\/posts"}],"about":[{"href":"https:\/\/diarioregionaldigital.com.br\/index.php?rest_route=\/wp\/v2\/types\/post"}],"author":[{"embeddable":true,"href":"https:\/\/diarioregionaldigital.com.br\/index.php?rest_route=\/wp\/v2\/users\/246"}],"replies":[{"embeddable":true,"href":"https:\/\/diarioregionaldigital.com.br\/index.php?rest_route=%2Fwp%2Fv2%2Fcomments&post=229734"}],"version-history":[{"count":1,"href":"https:\/\/diarioregionaldigital.com.br\/index.php?rest_route=\/wp\/v2\/posts\/229734\/revisions"}],"predecessor-version":[{"id":229736,"href":"https:\/\/diarioregionaldigital.com.br\/index.php?rest_route=\/wp\/v2\/posts\/229734\/revisions\/229736"}],"wp:featuredmedia":[{"embeddable":true,"href":"https:\/\/diarioregionaldigital.com.br\/index.php?rest_route=\/wp\/v2\/media\/229735"}],"wp:attachment":[{"href":"https:\/\/diarioregionaldigital.com.br\/index.php?rest_route=%2Fwp%2Fv2%2Fmedia&parent=229734"}],"wp:term":[{"taxonomy":"category","embeddable":true,"href":"https:\/\/diarioregionaldigital.com.br\/index.php?rest_route=%2Fwp%2Fv2%2Fcategories&post=229734"},{"taxonomy":"post_tag","embeddable":true,"href":"https:\/\/diarioregionaldigital.com.br\/index.php?rest_route=%2Fwp%2Fv2%2Ftags&post=229734"}],"curies":[{"name":"wp","href":"https:\/\/api.w.org\/{rel}","templated":true}]}}