{"id":229670,"date":"2025-08-05T20:49:07","date_gmt":"2025-08-05T23:49:07","guid":{"rendered":"https:\/\/diarioregionaldigital.com.br\/?p=229670"},"modified":"2025-08-05T20:49:07","modified_gmt":"2025-08-05T23:49:07","slug":"agosto-lilas-comeca-com-reuniao-da-revid-na-casa-da-mulher","status":"publish","type":"post","link":"https:\/\/diarioregionaldigital.com.br\/?p=229670","title":{"rendered":"Agosto Lil\u00e1s come\u00e7a com reuni\u00e3o da Revid na Casa da Mulher"},"content":{"rendered":"<p>Segundo informa\u00e7\u00f5es do site da Prefeitura de Juiz de Fora (PJF), a\u00a0campanha Agosto Lil\u00e1s teve in\u00edcio em Juiz de Fora nesta ter\u00e7a-feira, 5, com uma reuni\u00e3o da Rede de Enfrentamento \u00e0 Viol\u00eancia Dom\u00e9stica (Revid) na Casa da Mulher (Av. Garibaldi Campinhos, 169). O encontro reuniu representantes da Prefeitura de Juiz de Fora (PJF), por meio da Secretaria Especial das Mulheres e da Secretaria de Assist\u00eancia Social, al\u00e9m de autoridades da Pol\u00edcia Militar, da Delegacia Especializada de Atendimento \u00e0 Mulher (Deam), da Defensoria P\u00fablica e do Minist\u00e9rio P\u00fablico.<\/p>\n<p>O objetivo do encontro foi fortalecer e articular as pol\u00edticas p\u00fablicas voltadas \u00e0 prote\u00e7\u00e3o e acolhimento de mulheres em situa\u00e7\u00e3o de viol\u00eancia, promovendo a\u00e7\u00f5es integradas e efetivas. A reuni\u00e3o marca o in\u00edcio das a\u00e7\u00f5es da campanha no munic\u00edpio, que contar\u00e1 com atividades ao longo do m\u00eas para conscientizar e ampliar o enfrentamento \u00e0 viol\u00eancia de g\u00eanero.<\/p>\n<p>Durante o encontro, a ju\u00edza titular da Vara de Viol\u00eancia Dom\u00e9stica, Maria Cristina Tr\u00falio, destacou a relev\u00e2ncia da iniciativa.\u00a0\u201cRegistramos a reuni\u00e3o da rede de enfrentamento \u00e0 viol\u00eancia dom\u00e9stica aqui na Casa da Mulher como parte das atividades do Agosto Lil\u00e1s, que \u00e9 um momento importante para fomentar o debate. Em breve, divulgaremos as demais a\u00e7\u00f5es que comp\u00f5em o calend\u00e1rio, para que possamos discutir essa tem\u00e1tica t\u00e3o urgente e buscar avan\u00e7os significativos\u201d.<\/p>\n<p>A delegada da Deam, Adriana Ferreira Pereira, tamb\u00e9m ressaltou o impacto da articula\u00e7\u00e3o entre os \u00f3rg\u00e3os.\u00a0\u201cComo delegada, percebo a import\u00e2ncia dessa rede e do papel de cada setor presente. As reuni\u00f5es contribuem para despertar as v\u00edtimas e refor\u00e7ar a import\u00e2ncia da den\u00fancia em qualquer caso de viol\u00eancia\u201d.<\/p>\n<p>A coordenadora de Pol\u00edticas P\u00fablicas para Mulheres da PJF, Ana Carolina Sales, destacou o car\u00e1ter intersetorial da campanha.\u00a0\u201cTrabalhar a viol\u00eancia dom\u00e9stica e de g\u00eanero de forma integrada \u00e9 essencial para o fortalecimento das pol\u00edticas p\u00fablicas destinadas a meninas e mulheres. Essa rede que atua da preven\u00e7\u00e3o prim\u00e1ria \u00e0 atua\u00e7\u00e3o na ponta \u00e9 fundamental para garantir a\u00e7\u00f5es concretas e eficazes\u201d.<\/p>\n<p>J\u00e1 a coordenadora da Casa da Mulher, Jessieli Lomar, refor\u00e7ou a import\u00e2ncia da atua\u00e7\u00e3o conjunta.\u00a0\u201cQuando o enfrentamento \u00e0 viol\u00eancia de g\u00eanero envolve m\u00faltiplos setores e institui\u00e7\u00f5es, temos um olhar mais abrangente sobre as demandas das mulheres. Isso possibilita a troca de experi\u00eancias e a constru\u00e7\u00e3o de solu\u00e7\u00f5es mais efetivas\u201d.<\/p>\n<p>A campanha Agosto Lil\u00e1s refor\u00e7a o compromisso da Prefeitura de Juiz de Fora com a promo\u00e7\u00e3o de uma sociedade mais segura e justa para todas as mulheres, fortalecendo a rede de prote\u00e7\u00e3o e enfrentamento \u00e0 viol\u00eancia.<\/p>\n","protected":false},"excerpt":{"rendered":"<p>Segundo informa\u00e7\u00f5es do site da Prefeitura de Juiz de Fora (PJF), a\u00a0campanha Agosto Lil\u00e1s teve in\u00edcio em Juiz de Fora nesta ter\u00e7a-feira, 5, com uma reuni\u00e3o da Rede de Enfrentamento \u00e0 Viol\u00eancia Dom\u00e9stica (Revid) na Casa da Mulher (Av. Garibaldi Campinhos, 169). O encontro reuniu representantes da Prefeitura de Juiz de Fora (PJF), por meio [&hellip;]<\/p>\n","protected":false},"author":246,"featured_media":229671,"comment_status":"closed","ping_status":"closed","sticky":false,"template":"","format":"standard","meta":{"footnotes":""},"categories":[253,436,440,439],"tags":[],"class_list":["post-229670","post","type-post","status-publish","format-standard","has-post-thumbnail","hentry","category-cidade","category-destaque-da-semana","category-destaques-do-dia","category-ultima-hora"],"_links":{"self":[{"href":"https:\/\/diarioregionaldigital.com.br\/index.php?rest_route=\/wp\/v2\/posts\/229670","targetHints":{"allow":["GET"]}}],"collection":[{"href":"https:\/\/diarioregionaldigital.com.br\/index.php?rest_route=\/wp\/v2\/posts"}],"about":[{"href":"https:\/\/diarioregionaldigital.com.br\/index.php?rest_route=\/wp\/v2\/types\/post"}],"author":[{"embeddable":true,"href":"https:\/\/diarioregionaldigital.com.br\/index.php?rest_route=\/wp\/v2\/users\/246"}],"replies":[{"embeddable":true,"href":"https:\/\/diarioregionaldigital.com.br\/index.php?rest_route=%2Fwp%2Fv2%2Fcomments&post=229670"}],"version-history":[{"count":1,"href":"https:\/\/diarioregionaldigital.com.br\/index.php?rest_route=\/wp\/v2\/posts\/229670\/revisions"}],"predecessor-version":[{"id":229672,"href":"https:\/\/diarioregionaldigital.com.br\/index.php?rest_route=\/wp\/v2\/posts\/229670\/revisions\/229672"}],"wp:featuredmedia":[{"embeddable":true,"href":"https:\/\/diarioregionaldigital.com.br\/index.php?rest_route=\/wp\/v2\/media\/229671"}],"wp:attachment":[{"href":"https:\/\/diarioregionaldigital.com.br\/index.php?rest_route=%2Fwp%2Fv2%2Fmedia&parent=229670"}],"wp:term":[{"taxonomy":"category","embeddable":true,"href":"https:\/\/diarioregionaldigital.com.br\/index.php?rest_route=%2Fwp%2Fv2%2Fcategories&post=229670"},{"taxonomy":"post_tag","embeddable":true,"href":"https:\/\/diarioregionaldigital.com.br\/index.php?rest_route=%2Fwp%2Fv2%2Ftags&post=229670"}],"curies":[{"name":"wp","href":"https:\/\/api.w.org\/{rel}","templated":true}]}}