{"id":229667,"date":"2025-08-05T20:45:57","date_gmt":"2025-08-05T23:45:57","guid":{"rendered":"https:\/\/diarioregionaldigital.com.br\/?p=229667"},"modified":"2025-08-05T20:45:57","modified_gmt":"2025-08-05T23:45:57","slug":"obras-de-melhorias-viarias-transito-segue-interditado-no-acesso-a-avenida-barao-do-rio-branco-pela-rua-paracatu","status":"publish","type":"post","link":"https:\/\/diarioregionaldigital.com.br\/?p=229667","title":{"rendered":"Obras de melhorias vi\u00e1rias: tr\u00e2nsito segue interditado no acesso \u00e0 Avenida Bar\u00e3o do Rio Branco pela Rua Paracatu"},"content":{"rendered":"<p>Segundo informa\u00e7\u00f5es do site da Prefeitura de Juiz de Fora (PJF), as obras de melhorias vi\u00e1rias, visando maior fluidez no tr\u00e2nsito na Rua Paracatu, no trecho pr\u00f3ximo \u00e0 Garganta do Dilermando, continuam em andamento. As equipes da Secretaria de Mobilidade Urbana (SMU) realizam a retirada parcial do canteiro central para amplia\u00e7\u00e3o da pista e cria\u00e7\u00e3o de uma nova faixa de rolamento. Em fun\u00e7\u00e3o do avan\u00e7o dos trabalhos, o acesso \u00e0 Avenida Bar\u00e3o do Rio Branco, para quem trafega no sentido Bandeirantes &#8211; Centro, permanece interditado. Nesta fase, ser\u00e1 feita a remo\u00e7\u00e3o da camada asf\u00e1ltica existente para nivelamento do pavimento.<\/p>\n<p>Os motoristas que trafegam pela Rua Paracatu e desejam acessar a Avenida Bar\u00e3o do Rio Branco devem seguir at\u00e9 a rotat\u00f3ria localizada a cerca de 250 metros do ponto de interdi\u00e7\u00e3o para realizar o retorno.<\/p>\n<p>Agentes de transporte e tr\u00e2nsito estar\u00e3o no local para orientar os condutores e organizar o fluxo vi\u00e1rio. A previs\u00e3o \u00e9 de que a pista seja liberada nos pr\u00f3ximos dias.<\/p>\n","protected":false},"excerpt":{"rendered":"<p>Segundo informa\u00e7\u00f5es do site da Prefeitura de Juiz de Fora (PJF), as obras de melhorias vi\u00e1rias, visando maior fluidez no tr\u00e2nsito na Rua Paracatu, no trecho pr\u00f3ximo \u00e0 Garganta do Dilermando, continuam em andamento. As equipes da Secretaria de Mobilidade Urbana (SMU) realizam a retirada parcial do canteiro central para amplia\u00e7\u00e3o da pista e cria\u00e7\u00e3o [&hellip;]<\/p>\n","protected":false},"author":246,"featured_media":229668,"comment_status":"closed","ping_status":"closed","sticky":false,"template":"","format":"standard","meta":{"footnotes":""},"categories":[253,436,440,439],"tags":[],"class_list":["post-229667","post","type-post","status-publish","format-standard","has-post-thumbnail","hentry","category-cidade","category-destaque-da-semana","category-destaques-do-dia","category-ultima-hora"],"_links":{"self":[{"href":"https:\/\/diarioregionaldigital.com.br\/index.php?rest_route=\/wp\/v2\/posts\/229667","targetHints":{"allow":["GET"]}}],"collection":[{"href":"https:\/\/diarioregionaldigital.com.br\/index.php?rest_route=\/wp\/v2\/posts"}],"about":[{"href":"https:\/\/diarioregionaldigital.com.br\/index.php?rest_route=\/wp\/v2\/types\/post"}],"author":[{"embeddable":true,"href":"https:\/\/diarioregionaldigital.com.br\/index.php?rest_route=\/wp\/v2\/users\/246"}],"replies":[{"embeddable":true,"href":"https:\/\/diarioregionaldigital.com.br\/index.php?rest_route=%2Fwp%2Fv2%2Fcomments&post=229667"}],"version-history":[{"count":1,"href":"https:\/\/diarioregionaldigital.com.br\/index.php?rest_route=\/wp\/v2\/posts\/229667\/revisions"}],"predecessor-version":[{"id":229669,"href":"https:\/\/diarioregionaldigital.com.br\/index.php?rest_route=\/wp\/v2\/posts\/229667\/revisions\/229669"}],"wp:featuredmedia":[{"embeddable":true,"href":"https:\/\/diarioregionaldigital.com.br\/index.php?rest_route=\/wp\/v2\/media\/229668"}],"wp:attachment":[{"href":"https:\/\/diarioregionaldigital.com.br\/index.php?rest_route=%2Fwp%2Fv2%2Fmedia&parent=229667"}],"wp:term":[{"taxonomy":"category","embeddable":true,"href":"https:\/\/diarioregionaldigital.com.br\/index.php?rest_route=%2Fwp%2Fv2%2Fcategories&post=229667"},{"taxonomy":"post_tag","embeddable":true,"href":"https:\/\/diarioregionaldigital.com.br\/index.php?rest_route=%2Fwp%2Fv2%2Ftags&post=229667"}],"curies":[{"name":"wp","href":"https:\/\/api.w.org\/{rel}","templated":true}]}}