{"id":229656,"date":"2025-08-05T20:28:30","date_gmt":"2025-08-05T23:28:30","guid":{"rendered":"https:\/\/diarioregionaldigital.com.br\/?p=229656"},"modified":"2025-08-05T20:28:30","modified_gmt":"2025-08-05T23:28:30","slug":"governo-de-minas-alcanca-marca-de-10-mil-titulos-de-posse-de-terra-entregues","status":"publish","type":"post","link":"https:\/\/diarioregionaldigital.com.br\/?p=229656","title":{"rendered":"Governo de Minas alcan\u00e7a marca de 10 mil t\u00edtulos de posse de terra entregues"},"content":{"rendered":"<p><main class=\"clear margin-md-bottom-3\"><\/p>\n<div class=\"clear \">\n<p>Dignidade e tranquilidade para produzir s\u00e3o os sentimentos da produtora rural Ana L\u00facia Gomes, de 63 anos, ap\u00f3s receber, nesta ter\u00e7a-feira (5\/8), o t\u00edtulo de n\u00famero 10 mil de regulariza\u00e7\u00e3o da propriedade rural onde vive e tira o sustento, no distrito de S\u00e3o Jo\u00e3o da Chapada, em Diamantina. A entrega faz parte do\u00a0Programa Estadual de Regulariza\u00e7\u00e3o Fundi\u00e1ria Rural, do\u00a0<a href=\"https:\/\/www.mg.gov.br\/\" target=\"_blank\" rel=\"noopener\">Governo de Minas<\/a>,\u00a0executado pela\u00a0<a href=\"https:\/\/www.mg.gov.br\/agricultura\" target=\"_blank\" rel=\"noopener\">Secretaria de Estado de Agricultura, Pecu\u00e1ria e Abastecimento (Seapa)<\/a>.<\/p>\n<p>Ana L\u00facia recebeu o t\u00edtulo das m\u00e3os do governador Romeu Zema, durante o 2\u00ba Semin\u00e1rio de Gestores da Agropecu\u00e1ria, realizado no Audit\u00f3rio JK, na Cidade Administrativa.<\/p>\n<p>O evento reuniu mais de 700 participantes, entre eles servidores p\u00fablicos, prefeitos e secret\u00e1rios municipais de diferentes regi\u00f5es do estado. O objetivo \u00e9 discutir quest\u00f5es ligadas ao agro, procurando aprimorar, ainda mais, as pol\u00edticas p\u00fablicas estaduais voltadas para o setor.<\/p>\n<table border=\"0\" cellspacing=\"1\" cellpadding=\"1\" align=\"center\">\n<tbody>\n<tr>\n<td colspan=\"5\"><img decoding=\"async\" src=\"https:\/\/www.agenciaminas.mg.gov.br\/ckeditor_assets\/pictures\/20949\/content_2_olho_topo.jpg\" alt=\"\" \/><\/td>\n<\/tr>\n<tr>\n<td><\/td>\n<td colspan=\"3\" rowspan=\"3\">\n<h1><strong>&#8220;Dar dignidade \u00e0s pessoas \u00e9 motivo de muito orgulho. Entregar o que \u00e9 de direito para 10 mil moradores da zona rural mostra que n\u00f3s somos um governo correto, que pensa nos produtores. \u00c9 por essas e outras a\u00e7\u00f5es que estamos fazendo hist\u00f3ria no agro do estado. Vale lembrar que no ano passado, o setor exportou mais do que a minera\u00e7\u00e3o, e isso nunca tinha acontecido&#8221;, destacou Romeu Zema.<\/strong><\/h1>\n<\/td>\n<td><\/td>\n<\/tr>\n<tr>\n<td><\/td>\n<td><\/td>\n<\/tr>\n<tr>\n<td><\/td>\n<td><\/td>\n<\/tr>\n<tr>\n<td colspan=\"5\"><img decoding=\"async\" src=\"https:\/\/www.agenciaminas.mg.gov.br\/ckeditor_assets\/pictures\/20950\/content_2_olho_inferior.jpg\" alt=\"\" \/><\/td>\n<\/tr>\n<\/tbody>\n<\/table>\n<p>Al\u00e9m de dar ao agricultor seguran\u00e7a contra invas\u00e3o e grilagem, o t\u00edtulo viabiliza o acesso ao cr\u00e9dito rural, com a possibilidade de investimento na propriedade e melhoria da produtividade. Com o documento, o produtor tem acesso \u00e0s diversas pol\u00edticas p\u00fablicas como o cr\u00e9dito rural, abrindo caminhos para investimentos na propriedade e nas atividades produtivas, com gera\u00e7\u00e3o de emprego e melhoria da renda familiar. Al\u00e9m disso, ele facilita os processos de aposentadoria e a obten\u00e7\u00e3o do Cadastro Ambiental Rural (CAR).\u00a0A estimativa \u00e9 entregar 16 mil t\u00edtulos at\u00e9 2026.<\/p>\n<table border=\"0\" cellspacing=\"1\" cellpadding=\"1\" align=\"center\">\n<tbody>\n<tr>\n<td colspan=\"5\"><img decoding=\"async\" src=\"https:\/\/www.agenciaminas.mg.gov.br\/ckeditor_assets\/pictures\/20949\/content_2_olho_topo.jpg\" alt=\"\" \/><\/td>\n<\/tr>\n<tr>\n<td><\/td>\n<td colspan=\"3\" rowspan=\"3\">\n<h1><strong>&#8220;Esperei 60 anos por esse t\u00edtulo e hoje ele chegou. Estou muito honrada por isso, agrade\u00e7o ao governador e todo o Governo de Minas. Agora, posso dormir sossegada. Terei acesso ao cr\u00e9dito e, com os recursos, pretendo ampliar minha planta\u00e7\u00e3o e consertar minha casinha, que \u00e9 de barro&#8221;, disse Ana L\u00facia Gomes.<\/strong><\/h1>\n<\/td>\n<td><\/td>\n<\/tr>\n<tr>\n<td><\/td>\n<td><\/td>\n<\/tr>\n<tr>\n<td><\/td>\n<td><\/td>\n<\/tr>\n<tr>\n<td colspan=\"5\"><img decoding=\"async\" src=\"https:\/\/www.agenciaminas.mg.gov.br\/ckeditor_assets\/pictures\/20950\/content_2_olho_inferior.jpg\" alt=\"\" \/><\/td>\n<\/tr>\n<\/tbody>\n<\/table>\n<p>&nbsp;<\/p>\n<p>\u201cCriei sozinha duas filhas, uma advogada e outra biom\u00e9dica, que vivem em S\u00e3o Paulo. A regulamenta\u00e7\u00e3o traz tranquilidade para elas tamb\u00e9m. Quando vierem me visitar, v\u00e3o encontrar a casa arrumada\u201d, completou.<\/p>\n<p>Eliete Gon\u00e7alves, de 62 anos, doceira e produtora rural com o marido\u00a0Marufo Costa, h\u00e1 40 anos, 29 deles no munic\u00edpio de Ja\u00edba, tamb\u00e9m conhece bem o sentimento de estar em dia com a lei para trabalhar sossegada. De acordo com ela, \u201ca melhor tapioca da regi\u00e3o\u201d tem participa\u00e7\u00e3o do Estado, j\u00e1 que ela incrementou a estrutura da cozinha gra\u00e7as aos financiamentos a que teve acesso depois que conseguiu o t\u00edtulo da terra.<\/p>\n<p>Ela disse que o acesso ao cr\u00e9dito banc\u00e1rio permitiu a compra de um congelador, uma m\u00e1quina para ralar coco e uma para fazer tapioca, um liquidificador industrial e o carrinho com o qual trabalham. \u201cDaqui para a frente, o plano \u00e9 construir uma cozinha e um fog\u00e3o a lenha em uma outra \u00e1rea, porque hoje eles ficam dentro de casa\u201d, adianta.<\/p>\n<table border=\"0\" cellspacing=\"1\" cellpadding=\"1\" align=\"center\">\n<tbody>\n<tr>\n<td colspan=\"5\"><img decoding=\"async\" src=\"https:\/\/www.agenciaminas.mg.gov.br\/ckeditor_assets\/pictures\/20949\/content_2_olho_topo.jpg\" alt=\"\" \/><\/td>\n<\/tr>\n<tr>\n<td><\/td>\n<td colspan=\"3\" rowspan=\"3\">\n<h1><strong>&#8220;O documento de posse para essas pessoas \u00e9 um instrumento transformador de vidas. E, antes de tudo, \u00e9 um direito que o Governo de Minas se sente muito honrado em conceder&#8221;, afirmou o secret\u00e1rio de Estado de Agricultura, Pecu\u00e1ria e Abastecimento, Thales Fernandes.<\/strong><\/h1>\n<\/td>\n<td><\/td>\n<\/tr>\n<tr>\n<td><\/td>\n<td><\/td>\n<\/tr>\n<tr>\n<td><\/td>\n<td><\/td>\n<\/tr>\n<tr>\n<td colspan=\"5\"><img decoding=\"async\" src=\"https:\/\/www.agenciaminas.mg.gov.br\/ckeditor_assets\/pictures\/20950\/content_2_olho_inferior.jpg\" alt=\"\" \/><\/td>\n<\/tr>\n<\/tbody>\n<\/table>\n<p>Produtor rural da comunidade Manguara, em Francisco Badar\u00f3, Jorge Ramos de Oliveira \u00e9 outro exemplo. Ele conta que, agora que conseguiu o t\u00edtulo, ficou mais f\u00e1cil acessar o cr\u00e9dito, colocar energia el\u00e9trica na propriedade e trazer mais tecnologia para incrementar a produ\u00e7\u00e3o.<\/p>\n<p>Morador da comunidade Cemit\u00e9rio de Ad\u00e3o, no mesmo munic\u00edpio, Jos\u00e9 M\u00facio Luiz Dourado diz que \u00e9 \u201cbom demais legalizar os documentos, registrar a nossa terra. Precisamos muito desse apoio que vem do governo com programas e m\u00e1quinas\u201d, completou.<\/p>\n<p>&nbsp;<\/p>\n<p><strong>Kits de irriga\u00e7\u00e3o<\/strong><\/p>\n<p>No semin\u00e1rio, tamb\u00e9m foi feita a entrega simb\u00f3lica ao presidente da Associa\u00e7\u00e3o Mineira de Munic\u00edpios (AMM), Lu\u00eds Eduardo Ferreira, de kits de irriga\u00e7\u00e3o que est\u00e3o sendo destinados aos munic\u00edpios. Os equipamentos s\u00e3o indicados para o cultivo de hortali\u00e7as e frut\u00edferas em praticamente todo o ano, contribuindo para a seguran\u00e7a alimentar das fam\u00edlias.<\/p>\n<p>Esta foi a segunda edi\u00e7\u00e3o do semin\u00e1rio, que teve a primeira edi\u00e7\u00e3o em abril do ano passado. \u201cO semin\u00e1rio refor\u00e7a a import\u00e2ncia da intera\u00e7\u00e3o com os munic\u00edpios. S\u00f3 assim avan\u00e7amos no fortalecimento do agro em Minas&#8221;, disse Thales Fernandes.<\/p>\n<p>Fonte: Ag\u00eancia Minas<\/p>\n<\/div>\n<p><\/main><\/p>\n","protected":false},"excerpt":{"rendered":"<p>Dignidade e tranquilidade para produzir s\u00e3o os sentimentos da produtora rural Ana L\u00facia Gomes, de 63 anos, ap\u00f3s receber, nesta ter\u00e7a-feira (5\/8), o t\u00edtulo de n\u00famero 10 mil de regulariza\u00e7\u00e3o da propriedade rural onde vive e tira o sustento, no distrito de S\u00e3o Jo\u00e3o da Chapada, em Diamantina. A entrega faz parte do\u00a0Programa Estadual de [&hellip;]<\/p>\n","protected":false},"author":246,"featured_media":229657,"comment_status":"closed","ping_status":"closed","sticky":false,"template":"","format":"standard","meta":{"footnotes":""},"categories":[436,261,254,439],"tags":[],"class_list":["post-229656","post","type-post","status-publish","format-standard","has-post-thumbnail","hentry","category-destaque-da-semana","category-economia","category-politica","category-ultima-hora"],"_links":{"self":[{"href":"https:\/\/diarioregionaldigital.com.br\/index.php?rest_route=\/wp\/v2\/posts\/229656","targetHints":{"allow":["GET"]}}],"collection":[{"href":"https:\/\/diarioregionaldigital.com.br\/index.php?rest_route=\/wp\/v2\/posts"}],"about":[{"href":"https:\/\/diarioregionaldigital.com.br\/index.php?rest_route=\/wp\/v2\/types\/post"}],"author":[{"embeddable":true,"href":"https:\/\/diarioregionaldigital.com.br\/index.php?rest_route=\/wp\/v2\/users\/246"}],"replies":[{"embeddable":true,"href":"https:\/\/diarioregionaldigital.com.br\/index.php?rest_route=%2Fwp%2Fv2%2Fcomments&post=229656"}],"version-history":[{"count":2,"href":"https:\/\/diarioregionaldigital.com.br\/index.php?rest_route=\/wp\/v2\/posts\/229656\/revisions"}],"predecessor-version":[{"id":229659,"href":"https:\/\/diarioregionaldigital.com.br\/index.php?rest_route=\/wp\/v2\/posts\/229656\/revisions\/229659"}],"wp:featuredmedia":[{"embeddable":true,"href":"https:\/\/diarioregionaldigital.com.br\/index.php?rest_route=\/wp\/v2\/media\/229657"}],"wp:attachment":[{"href":"https:\/\/diarioregionaldigital.com.br\/index.php?rest_route=%2Fwp%2Fv2%2Fmedia&parent=229656"}],"wp:term":[{"taxonomy":"category","embeddable":true,"href":"https:\/\/diarioregionaldigital.com.br\/index.php?rest_route=%2Fwp%2Fv2%2Fcategories&post=229656"},{"taxonomy":"post_tag","embeddable":true,"href":"https:\/\/diarioregionaldigital.com.br\/index.php?rest_route=%2Fwp%2Fv2%2Ftags&post=229656"}],"curies":[{"name":"wp","href":"https:\/\/api.w.org\/{rel}","templated":true}]}}