{"id":229647,"date":"2025-08-05T14:27:21","date_gmt":"2025-08-05T17:27:21","guid":{"rendered":"https:\/\/diarioregionaldigital.com.br\/?p=229647"},"modified":"2025-08-05T14:27:21","modified_gmt":"2025-08-05T17:27:21","slug":"edital-processo-seletivo-simplificado-05-08-2025","status":"publish","type":"post","link":"https:\/\/diarioregionaldigital.com.br\/?p=229647","title":{"rendered":"EDITAL PROCESSO SELETIVO SIMPLIFICADO &#8211; 05\/08\/2025"},"content":{"rendered":"<p>PREFEITURA MUNICIPAL DE DESCOBERTO &#8211; EDITAL PROCESSO SELETIVO<br \/>\nSIMPLIFICADO<\/p>\n<p>&nbsp;<\/p>\n<p>O Poder Executivo Municipal de Descoberto torna p\u00fablico que est\u00e3o abertas as inscri\u00e7\u00f5es para sele\u00e7\u00e3o de contratados tempor\u00e1rios por<br \/>\nexcepcional interesse p\u00fablico para desempenho da seguinte fun\u00e7\u00e3o: OPERADOR<br \/>\nDE MAQUINAS &#8211; TRATORISTA.<\/p>\n<p>&nbsp;<\/p>\n<p>A \u00edntegra do edital de sele\u00e7\u00e3o e as condi\u00e7\u00f5es e<br \/>\nlocal para realiza\u00e7\u00e3o das inscri\u00e7\u00f5es, que ser\u00e3o realizadas do dia 05 de agosto a 12<br \/>\nde agosto de 2025, podem ser consultadas e obtidas no s\u00edtio eletr\u00f4nico do Munic\u00edpio<br \/>\nde Descoberto &#8211; prefeitura@descoberto.mg.gov.br<\/p>\n","protected":false},"excerpt":{"rendered":"<p>PREFEITURA MUNICIPAL DE DESCOBERTO &#8211; EDITAL PROCESSO SELETIVO SIMPLIFICADO &nbsp; O Poder Executivo Municipal de Descoberto torna p\u00fablico que est\u00e3o abertas as inscri\u00e7\u00f5es para sele\u00e7\u00e3o de contratados tempor\u00e1rios por excepcional interesse p\u00fablico para desempenho da seguinte fun\u00e7\u00e3o: OPERADOR DE MAQUINAS &#8211; TRATORISTA. &nbsp; A \u00edntegra do edital de sele\u00e7\u00e3o e as condi\u00e7\u00f5es e local para [&hellip;]<\/p>\n","protected":false},"author":246,"featured_media":0,"comment_status":"closed","ping_status":"closed","sticky":false,"template":"","format":"standard","meta":{"footnotes":""},"categories":[307],"tags":[],"class_list":["post-229647","post","type-post","status-publish","format-standard","hentry","category-editais"],"_links":{"self":[{"href":"https:\/\/diarioregionaldigital.com.br\/index.php?rest_route=\/wp\/v2\/posts\/229647","targetHints":{"allow":["GET"]}}],"collection":[{"href":"https:\/\/diarioregionaldigital.com.br\/index.php?rest_route=\/wp\/v2\/posts"}],"about":[{"href":"https:\/\/diarioregionaldigital.com.br\/index.php?rest_route=\/wp\/v2\/types\/post"}],"author":[{"embeddable":true,"href":"https:\/\/diarioregionaldigital.com.br\/index.php?rest_route=\/wp\/v2\/users\/246"}],"replies":[{"embeddable":true,"href":"https:\/\/diarioregionaldigital.com.br\/index.php?rest_route=%2Fwp%2Fv2%2Fcomments&post=229647"}],"version-history":[{"count":1,"href":"https:\/\/diarioregionaldigital.com.br\/index.php?rest_route=\/wp\/v2\/posts\/229647\/revisions"}],"predecessor-version":[{"id":229648,"href":"https:\/\/diarioregionaldigital.com.br\/index.php?rest_route=\/wp\/v2\/posts\/229647\/revisions\/229648"}],"wp:attachment":[{"href":"https:\/\/diarioregionaldigital.com.br\/index.php?rest_route=%2Fwp%2Fv2%2Fmedia&parent=229647"}],"wp:term":[{"taxonomy":"category","embeddable":true,"href":"https:\/\/diarioregionaldigital.com.br\/index.php?rest_route=%2Fwp%2Fv2%2Fcategories&post=229647"},{"taxonomy":"post_tag","embeddable":true,"href":"https:\/\/diarioregionaldigital.com.br\/index.php?rest_route=%2Fwp%2Fv2%2Ftags&post=229647"}],"curies":[{"name":"wp","href":"https:\/\/api.w.org\/{rel}","templated":true}]}}